{"id":1765,"date":"2026-07-08T09:45:29","date_gmt":"2026-07-08T12:45:29","guid":{"rendered":"https:\/\/www.forestieri.com.br\/blog\/?p=1765"},"modified":"2026-08-26T09:52:14","modified_gmt":"2026-08-26T12:52:14","slug":"como-dimensionar-o-cabo-de-aluminio-quadruplex-95mm-em-projetos-de-loteamentos-urbanos","status":"publish","type":"post","link":"https:\/\/www.forestieri.com.br\/blog\/como-dimensionar-o-cabo-de-aluminio-quadruplex-95mm-em-projetos-de-loteamentos-urbanos\/","title":{"rendered":"Como dimensionar o cabo de alum\u00ednio quadruplex 95mm em projetos de loteamentos urbanos?"},"content":{"rendered":"\n<p class=\"wp-block-paragraph\">O dimensionamento do <strong>cabo de alum\u00ednio quadruplex 95mm<\/strong> deve considerar a capacidade de condu\u00e7\u00e3o de corrente, a queda de tens\u00e3o, a configura\u00e7\u00e3o do condutor neutro e os esfor\u00e7os mec\u00e2nicos da rede a\u00e9rea.<\/p>\n\n\n\n<p class=\"wp-block-paragraph\">Esses crit\u00e9rios garantem que o sistema de distribui\u00e7\u00e3o opere com seguran\u00e7a e desempenho adequado, al\u00e9m de atender aos requisitos t\u00e9cnicos previstos para redes a\u00e9reas de baixa tens\u00e3o.<\/p>\n\n\n\n<p class=\"wp-block-paragraph\">Em projetos de loteamentos urbanos, uma especifica\u00e7\u00e3o correta evita retrabalho durante a implanta\u00e7\u00e3o da infraestrutura el\u00e9trica e contribui para a confiabilidade da rede desde o in\u00edcio da opera\u00e7\u00e3o.<\/p>\n\n\n\n<p class=\"wp-block-paragraph\">Neste artigo, voc\u00ea entender\u00e1 quais fatores devem ser avaliados, quando esse cabo \u00e9 indicado e como analisar sua aplica\u00e7\u00e3o em projetos de distribui\u00e7\u00e3o urbana.<\/p>\n\n\n\n<h2 class=\"wp-block-heading\">Quais crit\u00e9rios devem ser considerados no dimensionamento?<\/h2>\n\n\n\n<p class=\"wp-block-paragraph\">O dimensionamento do <strong>cabo de alum\u00ednio quadruplex 95mm<\/strong> depende da an\u00e1lise conjunta das caracter\u00edsticas el\u00e9tricas e mec\u00e2nicas da rede. Avaliar apenas a se\u00e7\u00e3o do condutor n\u00e3o \u00e9 suficiente para definir a especifica\u00e7\u00e3o.<\/p>\n\n\n\n<p class=\"wp-block-paragraph\">Cada projeto possui condi\u00e7\u00f5es pr\u00f3prias de carga, extens\u00e3o da rede e configura\u00e7\u00e3o da distribui\u00e7\u00e3o, exigindo uma an\u00e1lise t\u00e9cnica antes da defini\u00e7\u00e3o do cabo.<\/p>\n\n\n\n<p class=\"wp-block-paragraph\">Os principais crit\u00e9rios s\u00e3o:<\/p>\n\n\n\n<ul class=\"wp-block-list\">\n<li><strong>Capacidade de condu\u00e7\u00e3o de corrente:<\/strong> o <strong>cabo quadruplex 95mm corrente<\/strong> suporta aproximadamente <strong>166 A<\/strong> em temperatura ambiente de 30 \u00b0C. Em temperaturas mais elevadas, essa capacidade deve ser reduzida conforme as condi\u00e7\u00f5es de opera\u00e7\u00e3o.\u00a0<\/li>\n\n\n\n<li><strong>Queda de tens\u00e3o:<\/strong> o projeto deve respeitar o limite m\u00e1ximo permitido para o circuito, considerando comprimento da rede, corrente de projeto e fator de pot\u00eancia.\u00a0<\/li>\n\n\n\n<li><strong>Condutor neutro:<\/strong> a configura\u00e7\u00e3o normalmente utiliza tr\u00eas fases de 95 mm\u00b2 e um neutro mensageiro, cuja se\u00e7\u00e3o pode variar conforme o projeto e o desequil\u00edbrio entre as fases.\u00a0<\/li>\n\n\n\n<li><strong>Esfor\u00e7os mec\u00e2nicos da rede:<\/strong> peso do cabo, dist\u00e2ncia entre postes e tra\u00e7\u00f5es de montagem devem ser avaliados para garantir estabilidade da instala\u00e7\u00e3o.\u00a0<\/li>\n<\/ul>\n\n\n\n<p class=\"wp-block-paragraph\">Esses fatores mostram que o dimensionamento envolve muito mais do que escolher uma bitola. O objetivo \u00e9 garantir que toda a rede opere nas condi\u00e7\u00f5es previstas para o empreendimento.<\/p>\n\n\n\n<h2 class=\"wp-block-heading\">Como a capacidade de corrente influencia a escolha do cabo?<\/h2>\n\n\n\n<p class=\"wp-block-paragraph\">A capacidade de corrente determina se o <strong>cabo de alum\u00ednio quadruplex 95mm<\/strong> consegue <a href=\"https:\/\/www.forestieri.com.br\/blog\/vantagens-do-uso-do-cabo-de-aluminio-quadruplex-em-redes-de-distribuicao-urbana\/\">atender \u00e0 demanda prevista<\/a> para a rede sem comprometer seu desempenho.<\/p>\n\n\n\n<p class=\"wp-block-paragraph\">No dimensionamento, esse crit\u00e9rio deve ser comparado com a carga m\u00e1xima coincidente do trecho do loteamento, garantindo que o condutor seja compat\u00edvel com a opera\u00e7\u00e3o esperada.<\/p>\n\n\n\n<h3 class=\"wp-block-heading\">Como interpretar a capacidade de condu\u00e7\u00e3o de corrente?<\/h3>\n\n\n\n<p class=\"wp-block-paragraph\">O <strong>cabo quadruplex 95mm corrente<\/strong> possui capacidade aproximada de <strong>166 A<\/strong> quando considerado um ambiente com temperatura de 30 \u00b0C.<\/p>\n\n\n\n<p class=\"wp-block-paragraph\">Esse valor serve como refer\u00eancia para o projeto. Em temperaturas mais elevadas, a capacidade de condu\u00e7\u00e3o \u00e9 reduzida, tornando necess\u00e1ria a verifica\u00e7\u00e3o das condi\u00e7\u00f5es reais de instala\u00e7\u00e3o antes da especifica\u00e7\u00e3o definitiva.<\/p>\n\n\n\n<figure class=\"wp-block-image size-large\"><img loading=\"lazy\" decoding=\"async\" width=\"1024\" height=\"576\" src=\"https:\/\/www.forestieri.com.br\/blog\/wp-content\/uploads\/2026\/08\/image-3-1024x576.png\" alt=\"Engenheiro realizando o dimensionamento de rede el\u00e9trica para loteamento\" class=\"wp-image-1766\" style=\"aspect-ratio:1.7774294670846396\" title=\"\" srcset=\"https:\/\/www.forestieri.com.br\/blog\/wp-content\/uploads\/2026\/08\/image-3-1024x576.png 1024w, https:\/\/www.forestieri.com.br\/blog\/wp-content\/uploads\/2026\/08\/image-3-300x169.png 300w, https:\/\/www.forestieri.com.br\/blog\/wp-content\/uploads\/2026\/08\/image-3-768x432.png 768w, https:\/\/www.forestieri.com.br\/blog\/wp-content\/uploads\/2026\/08\/image-3.png 1200w\" sizes=\"auto, (max-width: 1024px) 100vw, 1024px\" \/><figcaption class=\"wp-element-caption\"><em>O cabo de alum\u00ednio quadruplex 95mm possui capacidade de atender a demanda prevista da rede.<\/em><\/figcaption><\/figure>\n\n\n\n<h2 class=\"wp-block-heading\">Por que a queda de tens\u00e3o deve ser analisada?<\/h2>\n\n\n\n<p class=\"wp-block-paragraph\">A queda de tens\u00e3o deve ser considerada porque influencia diretamente o desempenho da rede de distribui\u00e7\u00e3o.<\/p>\n\n\n\n<p class=\"wp-block-paragraph\">Durante o dimensionamento, \u00e9 necess\u00e1rio verificar se os valores permanecem dentro dos limites estabelecidos para o circuito, considerando tanto as normas aplic\u00e1veis quanto os crit\u00e9rios definidos pela concession\u00e1ria.<\/p>\n\n\n\n<h3 class=\"wp-block-heading\">Quais fatores influenciam a queda de tens\u00e3o?<\/h3>\n\n\n\n<p class=\"wp-block-paragraph\">O c\u00e1lculo deve considerar o comprimento da rede, a corrente de projeto e o fator de pot\u00eancia adotado para a instala\u00e7\u00e3o.<\/p>\n\n\n\n<p class=\"wp-block-paragraph\">A tabela abaixo resume os principais par\u00e2metros avaliados.<\/p>\n\n\n\n<figure class=\"wp-block-table\"><table class=\"has-fixed-layout\"><tbody><tr><td><strong>Crit\u00e9rio<\/strong><\/td><td><strong>O que deve ser considerado<\/strong><\/td><\/tr><tr><td>Comprimento da rede<\/td><td>Quanto maior o percurso, maior a influ\u00eancia na queda de tens\u00e3o.<\/td><\/tr><tr><td>Corrente de projeto<\/td><td>Deve representar a demanda prevista para o trecho da rede.<\/td><\/tr><tr><td>Fator de pot\u00eancia<\/td><td>Normalmente considerado entre 0,80 e 0,95, conforme o projeto.<\/td><\/tr><tr><td>Limite permitido<\/td><td>O dimensionamento deve respeitar os limites estabelecidos pelas normas e pela concession\u00e1ria.<\/td><\/tr><\/tbody><\/table><\/figure>\n\n\n\n<p class=\"wp-block-paragraph\">A an\u00e1lise desses fatores contribui para uma distribui\u00e7\u00e3o de energia mais eficiente e reduz a necessidade de ajustes durante a implanta\u00e7\u00e3o da rede.<\/p>\n\n\n\n<h2 class=\"wp-block-heading\">Como os esfor\u00e7os mec\u00e2nicos influenciam a especifica\u00e7\u00e3o do cabo?<\/h2>\n\n\n\n<p class=\"wp-block-paragraph\">Os esfor\u00e7os mec\u00e2nicos tamb\u00e9m fazem parte do dimensionamento do <strong>cabo de alum\u00ednio quadruplex 95mm<\/strong> em redes a\u00e9reas de baixa tens\u00e3o.<\/p>\n\n\n\n<p class=\"wp-block-paragraph\">Al\u00e9m dos crit\u00e9rios el\u00e9tricos, o projeto deve garantir que o cabo suporte as condi\u00e7\u00f5es de instala\u00e7\u00e3o previstas para o loteamento.<\/p>\n\n\n\n<h3 class=\"wp-block-heading\">O que avaliar nos v\u00e3os entre postes?<\/h3>\n\n\n\n<p class=\"wp-block-paragraph\">A especifica\u00e7\u00e3o deve considerar o peso pr\u00f3prio do cabo, as tra\u00e7\u00f5es aplicadas durante a montagem e a dist\u00e2ncia entre os postes.<\/p>\n\n\n\n<p class=\"wp-block-paragraph\">Esses fatores ajudam a definir uma instala\u00e7\u00e3o adequada e contribuem para a estabilidade da rede ao longo da opera\u00e7\u00e3o.<\/p>\n\n\n\n<h2 class=\"wp-block-heading\">Como escolher um cabo adequado para o seu projeto?<\/h2>\n\n\n\n<p class=\"wp-block-paragraph\">A escolha do <strong>cabo de alum\u00ednio quadruplex<\/strong> deve estar alinhada \u00e0s caracter\u00edsticas t\u00e9cnicas da rede e aos requisitos definidos para o empreendimento.<\/p>\n\n\n\n<p class=\"wp-block-paragraph\">Al\u00e9m do dimensionamento el\u00e9trico, \u00e9 importante avaliar a constru\u00e7\u00e3o do cabo, a configura\u00e7\u00e3o do neutro e sua compatibilidade com o projeto de distribui\u00e7\u00e3o.<\/p>\n\n\n\n<p class=\"wp-block-paragraph\">A <strong>Cabomaq Forestieri<\/strong>, fabricante de fios e cabos el\u00e9tricos com mais de 35 anos de atua\u00e7\u00e3o, oferece solu\u00e7\u00f5es para diferentes aplica\u00e7\u00f5es em redes de distribui\u00e7\u00e3o de energia.&nbsp;<\/p>\n\n\n\n<p class=\"wp-block-paragraph\">Conhecer as caracter\u00edsticas de cada cabo facilita a compara\u00e7\u00e3o entre alternativas e contribui para especifica\u00e7\u00f5es mais assertivas.<\/p>\n\n\n\n<figure class=\"wp-block-image size-large\"><img loading=\"lazy\" decoding=\"async\" width=\"1024\" height=\"576\" src=\"https:\/\/www.forestieri.com.br\/blog\/wp-content\/uploads\/2026\/08\/image-4-1024x576.png\" alt=\"Instala\u00e7\u00e3o de cabo de alum\u00ednio quadruplex em rede a\u00e9rea de distribui\u00e7\u00e3o el\u00e9trica\" class=\"wp-image-1767\" style=\"aspect-ratio:1.7774294670846396\" title=\"\" srcset=\"https:\/\/www.forestieri.com.br\/blog\/wp-content\/uploads\/2026\/08\/image-4-1024x576.png 1024w, https:\/\/www.forestieri.com.br\/blog\/wp-content\/uploads\/2026\/08\/image-4-300x169.png 300w, https:\/\/www.forestieri.com.br\/blog\/wp-content\/uploads\/2026\/08\/image-4-768x432.png 768w, https:\/\/www.forestieri.com.br\/blog\/wp-content\/uploads\/2026\/08\/image-4.png 1200w\" sizes=\"auto, (max-width: 1024px) 100vw, 1024px\" \/><figcaption class=\"wp-element-caption\"><em>A sele\u00e7\u00e3o do cabo de alum\u00ednio quadruplex deve ser compat\u00edvel com as caracter\u00edsticas t\u00e9cnicas da rede.<\/em><\/figcaption><\/figure>\n\n\n\n<h2 class=\"wp-block-heading\">Conclus\u00e3o<\/h2>\n\n\n\n<p class=\"wp-block-paragraph\">O dimensionamento do <strong>cabo de alum\u00ednio quadruplex 95mm<\/strong> envolve a an\u00e1lise da capacidade de corrente, da queda de tens\u00e3o, da configura\u00e7\u00e3o do neutro e dos esfor\u00e7os mec\u00e2nicos da rede.<\/p>\n\n\n\n<p class=\"wp-block-paragraph\">Quando esses crit\u00e9rios s\u00e3o considerados em conjunto, o projeto ganha mais seguran\u00e7a, confiabilidade e compatibilidade com as exig\u00eancias das concession\u00e1rias e das normas aplic\u00e1veis.<\/p>\n\n\n\n<p class=\"wp-block-paragraph\">Se o seu projeto exige uma especifica\u00e7\u00e3o precisa para redes de distribui\u00e7\u00e3o urbana, explore <a href=\"https:\/\/www.forestieri.com.br\/cabo-quadruplex\">as solu\u00e7\u00f5es em cabos de alum\u00ednio quadruplex<\/a> da <strong>Cabomaq<\/strong> e compare as caracter\u00edsticas t\u00e9cnicas dispon\u00edveis para escolher a alternativa mais adequada \u00e0 sua aplica\u00e7\u00e3o.<\/p>\n","protected":false},"excerpt":{"rendered":"<p>O dimensionamento do cabo de alum\u00ednio quadruplex 95mm deve considerar a capacidade de condu\u00e7\u00e3o de corrente, a queda de tens\u00e3o, a configura\u00e7\u00e3o do condutor neutro e os esfor\u00e7os mec\u00e2nicos da rede a\u00e9rea. Esses crit\u00e9rios garantem que o sistema de distribui\u00e7\u00e3o opere com seguran\u00e7a e desempenho adequado, al\u00e9m de atender aos requisitos t\u00e9cnicos previstos para redes&#8230;<\/p>\n","protected":false},"author":2,"featured_media":1768,"comment_status":"open","ping_status":"open","sticky":false,"template":"","format":"standard","meta":{"_kad_post_transparent":"","_kad_post_title":"","_kad_post_layout":"","_kad_post_sidebar_id":"","_kad_post_content_style":"","_kad_post_vertical_padding":"","_kad_post_feature":"","_kad_post_feature_position":"","_kad_post_header":false,"_kad_post_footer":false,"footnotes":""},"categories":[82],"tags":[],"class_list":["post-1765","post","type-post","status-publish","format-standard","has-post-thumbnail","hentry","category-publicacoes"],"_links":{"self":[{"href":"https:\/\/www.forestieri.com.br\/blog\/wp-json\/wp\/v2\/posts\/1765","targetHints":{"allow":["GET"]}}],"collection":[{"href":"https:\/\/www.forestieri.com.br\/blog\/wp-json\/wp\/v2\/posts"}],"about":[{"href":"https:\/\/www.forestieri.com.br\/blog\/wp-json\/wp\/v2\/types\/post"}],"author":[{"embeddable":true,"href":"https:\/\/www.forestieri.com.br\/blog\/wp-json\/wp\/v2\/users\/2"}],"replies":[{"embeddable":true,"href":"https:\/\/www.forestieri.com.br\/blog\/wp-json\/wp\/v2\/comments?post=1765"}],"version-history":[{"count":1,"href":"https:\/\/www.forestieri.com.br\/blog\/wp-json\/wp\/v2\/posts\/1765\/revisions"}],"predecessor-version":[{"id":1769,"href":"https:\/\/www.forestieri.com.br\/blog\/wp-json\/wp\/v2\/posts\/1765\/revisions\/1769"}],"wp:featuredmedia":[{"embeddable":true,"href":"https:\/\/www.forestieri.com.br\/blog\/wp-json\/wp\/v2\/media\/1768"}],"wp:attachment":[{"href":"https:\/\/www.forestieri.com.br\/blog\/wp-json\/wp\/v2\/media?parent=1765"}],"wp:term":[{"taxonomy":"category","embeddable":true,"href":"https:\/\/www.forestieri.com.br\/blog\/wp-json\/wp\/v2\/categories?post=1765"},{"taxonomy":"post_tag","embeddable":true,"href":"https:\/\/www.forestieri.com.br\/blog\/wp-json\/wp\/v2\/tags?post=1765"}],"curies":[{"name":"wp","href":"https:\/\/api.w.org\/{rel}","templated":true}]}}