{"id":1782,"date":"2026-07-29T09:59:42","date_gmt":"2026-07-29T12:59:42","guid":{"rendered":"https:\/\/www.forestieri.com.br\/blog\/?p=1782"},"modified":"2026-08-26T10:22:03","modified_gmt":"2026-08-26T13:22:03","slug":"o-que-considerar-ao-instalar-um-cabo-solar-fotovoltaico-6mm-em-grandes-sistemas","status":"publish","type":"post","link":"https:\/\/www.forestieri.com.br\/blog\/o-que-considerar-ao-instalar-um-cabo-solar-fotovoltaico-6mm-em-grandes-sistemas\/","title":{"rendered":"O que considerar ao instalar um cabo solar fotovoltaico 6mm em grandes sistemas?"},"content":{"rendered":"\n<p class=\"wp-block-paragraph\">Em grandes sistemas fotovoltaicos, a escolha do <strong>cabo solar fotovoltaico 6mm<\/strong> deve considerar fatores como corrente el\u00e9trica, dist\u00e2ncia entre os componentes, condi\u00e7\u00f5es do ambiente e seguran\u00e7a da instala\u00e7\u00e3o.<\/p>\n\n\n\n<p class=\"wp-block-paragraph\">Esse tipo de cabo \u00e9 amplamente utilizado em sistemas de gera\u00e7\u00e3o solar porque oferece uma boa rela\u00e7\u00e3o entre capacidade de condu\u00e7\u00e3o el\u00e9trica, resist\u00eancia mec\u00e2nica e efici\u00eancia energ\u00e9tica quando corretamente dimensionado.<\/p>\n\n\n\n<p class=\"wp-block-paragraph\">Para instaladores e integradores, entender esses crit\u00e9rios ajuda a evitar perdas de energia, aquecimento excessivo dos condutores e problemas de desempenho ao longo da vida \u00fatil do sistema.<\/p>\n\n\n\n<p class=\"wp-block-paragraph\">Neste artigo, voc\u00ea vai entender quais pontos avaliar antes da instala\u00e7\u00e3o, como o dimensionamento influencia os resultados e por que a escolha adequada dos <strong>cabos solares fotovoltaicos<\/strong> faz diferen\u00e7a em projetos de maior porte.<\/p>\n\n\n\n<h2 class=\"wp-block-heading\">Como escolher o cabo solar fotovoltaico 6mm para grandes sistemas?<\/h2>\n\n\n\n<p class=\"wp-block-paragraph\">A escolha do <strong>cabo solar fotovoltaico 6mm<\/strong> depende principalmente das caracter\u00edsticas el\u00e9tricas e f\u00edsicas do projeto. O cabo precisa suportar a corrente gerada pelos m\u00f3dulos, operar com seguran\u00e7a em corrente cont\u00ednua e resistir \u00e0s condi\u00e7\u00f5es externas da instala\u00e7\u00e3o.<\/p>\n\n\n\n<p class=\"wp-block-paragraph\">Em sistemas maiores, pequenos erros de dimensionamento podem representar perdas acumuladas de energia e redu\u00e7\u00e3o da efici\u00eancia operacional.<\/p>\n\n\n\n<p class=\"wp-block-paragraph\">Por isso, o instalador deve analisar o conjunto da aplica\u00e7\u00e3o, considerando desde a sa\u00edda dos m\u00f3dulos at\u00e9 a conex\u00e3o com inversores e demais equipamentos.<\/p>\n\n\n\n<p class=\"wp-block-paragraph\">Entre os principais fatores avaliados est\u00e3o:<\/p>\n\n\n\n<ul class=\"wp-block-list\">\n<li><strong>Capacidade de condu\u00e7\u00e3o de corrente:<\/strong> o cabo deve suportar a corrente el\u00e9trica prevista sem aquecimento acima dos limites recomendados.\u00a0<\/li>\n\n\n\n<li><strong>Comprimento do percurso el\u00e9trico:<\/strong> dist\u00e2ncias maiores aumentam a possibilidade de queda de tens\u00e3o e podem exigir uma an\u00e1lise mais cuidadosa.\u00a0<\/li>\n\n\n\n<li><strong>Condi\u00e7\u00f5es do ambiente de instala\u00e7\u00e3o:<\/strong> exposi\u00e7\u00e3o ao sol, varia\u00e7\u00f5es de temperatura, umidade e contato com agentes externos influenciam a durabilidade do cabo.\u00a0<\/li>\n\n\n\n<li><strong>Compatibilidade com sistemas fotovoltaicos:<\/strong> o material e a constru\u00e7\u00e3o do cabo precisam ser adequados para aplica\u00e7\u00f5es em corrente cont\u00ednua.\u00a0<\/li>\n<\/ul>\n\n\n\n<p class=\"wp-block-paragraph\">Esses crit\u00e9rios mostram que a escolha n\u00e3o deve ser baseada apenas na bitola do condutor. O desempenho do sistema depende da combina\u00e7\u00e3o entre o cabo, o projeto el\u00e9trico e as condi\u00e7\u00f5es reais de opera\u00e7\u00e3o.<\/p>\n\n\n\n<h2 class=\"wp-block-heading\">Por que o dimensionamento do cabo de energia solar \u00e9 importante?<\/h2>\n\n\n\n<p class=\"wp-block-paragraph\">O dimensionamento correto do <strong>cabo de energia solar<\/strong> evita perdas el\u00e9tricas e garante que a energia produzida pelos m\u00f3dulos seja aproveitada da melhor forma poss\u00edvel.<\/p>\n\n\n\n<p class=\"wp-block-paragraph\">Em instala\u00e7\u00f5es fotovoltaicas, os cabos conduzem a energia gerada pelos pain\u00e9is at\u00e9 os equipamentos respons\u00e1veis pela convers\u00e3o e distribui\u00e7\u00e3o. Quando o cabo n\u00e3o atende \u00e0s necessidades do sistema, parte dessa energia pode ser dissipada em forma de calor.<\/p>\n\n\n\n<p class=\"wp-block-paragraph\">Esse problema pode ocorrer quando a se\u00e7\u00e3o do condutor \u00e9 menor do que a necess\u00e1ria, quando o percurso \u00e9 muito longo ou quando as condi\u00e7\u00f5es ambientais aumentam a temperatura de opera\u00e7\u00e3o.<\/p>\n\n\n\n<h3 class=\"wp-block-heading\">Como a queda de tens\u00e3o afeta o sistema?<\/h3>\n\n\n\n<p class=\"wp-block-paragraph\">A queda de tens\u00e3o acontece quando a resist\u00eancia do cabo provoca uma redu\u00e7\u00e3o da tens\u00e3o dispon\u00edvel ao longo do percurso.<\/p>\n\n\n\n<p class=\"wp-block-paragraph\">Em pequenas instala\u00e7\u00f5es, esse efeito pode ser limitado. Por\u00e9m, em grandes usinas solares, onde existem maiores dist\u00e2ncias entre os m\u00f3dulos e os inversores, essa perda precisa ser avaliada com aten\u00e7\u00e3o.<\/p>\n\n\n\n<p class=\"wp-block-paragraph\">Um cabo adequadamente dimensionado contribui para:<\/p>\n\n\n\n<ul class=\"wp-block-list\">\n<li>Melhor aproveitamento da energia produzida pelos m\u00f3dulos.\u00a0<\/li>\n\n\n\n<li>Redu\u00e7\u00e3o de perdas durante a transmiss\u00e3o em corrente cont\u00ednua.\u00a0<\/li>\n\n\n\n<li>Maior estabilidade no funcionamento dos equipamentos conectados.\u00a0<\/li>\n\n\n\n<li>Menor risco de aquecimento provocado pela sobrecarga do condutor.\u00a0<\/li>\n<\/ul>\n\n\n\n<p class=\"wp-block-paragraph\">O dimensionamento, portanto, n\u00e3o \u00e9 apenas uma etapa t\u00e9cnica do projeto. Ele influencia diretamente a efici\u00eancia e a confiabilidade da instala\u00e7\u00e3o fotovoltaica.<\/p>\n\n\n\n<figure class=\"wp-block-image size-large\"><img loading=\"lazy\" decoding=\"async\" width=\"1024\" height=\"576\" src=\"https:\/\/www.forestieri.com.br\/blog\/wp-content\/uploads\/2026\/08\/image-12-1024x576.png\" alt=\"Organiza\u00e7\u00e3o de cabos solares fotovoltaicos em uma instala\u00e7\u00e3o de energia solar\" class=\"wp-image-1783\" style=\"aspect-ratio:1.7774294670846396\" title=\"\" srcset=\"https:\/\/www.forestieri.com.br\/blog\/wp-content\/uploads\/2026\/08\/image-12-1024x576.png 1024w, https:\/\/www.forestieri.com.br\/blog\/wp-content\/uploads\/2026\/08\/image-12-300x169.png 300w, https:\/\/www.forestieri.com.br\/blog\/wp-content\/uploads\/2026\/08\/image-12-768x432.png 768w, https:\/\/www.forestieri.com.br\/blog\/wp-content\/uploads\/2026\/08\/image-12.png 1200w\" sizes=\"auto, (max-width: 1024px) 100vw, 1024px\" \/><figcaption class=\"wp-element-caption\"><em>Dimensionar corretamente os cabos solares garante melhor aproveitamento da energia produzida e reduz perdas.<\/em><\/figcaption><\/figure>\n\n\n\n<h2 class=\"wp-block-heading\">Qual a diferen\u00e7a entre utilizar um cabo solar fotovoltaico 6mm e outras bitolas?<\/h2>\n\n\n\n<p class=\"wp-block-paragraph\">A principal diferen\u00e7a entre as <a href=\"https:\/\/www.forestieri.com.br\/blog\/comparativo-de-eficiencia-entre-cabo-fotovoltaico-4mm-e-6mm-em-grandes-usinas-solares\/\">bitolas de cabos solares<\/a> est\u00e1 na capacidade de conduzir corrente el\u00e9trica e na adequa\u00e7\u00e3o ao tipo de aplica\u00e7\u00e3o.<\/p>\n\n\n\n<p class=\"wp-block-paragraph\">O <strong>cabo solar fotovoltaico 6mm<\/strong> costuma ser considerado em projetos que exigem maior capacidade el\u00e9trica do que aplica\u00e7\u00f5es menores, mas a escolha final depende sempre dos par\u00e2metros do sistema.<\/p>\n\n\n\n<p class=\"wp-block-paragraph\">Veja uma compara\u00e7\u00e3o geral:<\/p>\n\n\n\n<figure class=\"wp-block-table\"><table class=\"has-fixed-layout\"><tbody><tr><td><strong>Caracter\u00edstica<\/strong><\/td><td><strong>Cabo solar fotovoltaico 4mm<\/strong><\/td><td><strong>Cabo solar fotovoltaico 6mm<\/strong><\/td><\/tr><tr><td>Capacidade de condu\u00e7\u00e3o<\/td><td>Adequado para aplica\u00e7\u00f5es com menor demanda el\u00e9trica<\/td><td>Indicado para situa\u00e7\u00f5es que exigem maior capacidade<\/td><\/tr><tr><td>Aplica\u00e7\u00e3o comum<\/td><td>Sistemas menores ou percursos mais curtos<\/td><td>Projetos maiores ou com maior dist\u00e2ncia entre componentes<\/td><\/tr><tr><td>Perdas el\u00e9tricas<\/td><td>Pode apresentar maior limita\u00e7\u00e3o em determinadas condi\u00e7\u00f5es<\/td><td>Pode reduzir perdas quando corretamente dimensionado<\/td><\/tr><tr><td>Uso em grandes sistemas<\/td><td>Depende da an\u00e1lise do projeto<\/td><td>Frequentemente avaliado para aplica\u00e7\u00f5es de maior porte<\/td><\/tr><\/tbody><\/table><\/figure>\n\n\n\n<p class=\"wp-block-paragraph\">A compara\u00e7\u00e3o indica que uma bitola maior n\u00e3o significa automaticamente melhor desempenho. O cabo precisa estar compat\u00edvel com a corrente, o comprimento do circuito e as caracter\u00edsticas da instala\u00e7\u00e3o.<\/p>\n\n\n\n<h2 class=\"wp-block-heading\">Quais cuidados considerar na instala\u00e7\u00e3o de cabos solares fotovoltaicos?<\/h2>\n\n\n\n<p class=\"wp-block-paragraph\">A instala\u00e7\u00e3o correta dos <strong>cabos solares fotovoltaicos<\/strong> \u00e9 fundamental para preservar o desempenho do sistema ao longo dos anos. Mesmo um cabo adequado pode apresentar problemas quando \u00e9 instalado sem considerar as condi\u00e7\u00f5es do local.<\/p>\n\n\n\n<p class=\"wp-block-paragraph\">Em grandes sistemas, o cabeamento costuma ficar exposto a diferentes situa\u00e7\u00f5es, como radia\u00e7\u00e3o solar constante, varia\u00e7\u00f5es de temperatura e movimenta\u00e7\u00e3o causada pelo ambiente.<\/p>\n\n\n\n<p class=\"wp-block-paragraph\">Por isso, al\u00e9m da escolha do condutor, o processo de instala\u00e7\u00e3o precisa seguir crit\u00e9rios que garantam prote\u00e7\u00e3o mec\u00e2nica e el\u00e9trica.<\/p>\n\n\n\n<p class=\"wp-block-paragraph\">Alguns cuidados importantes incluem:<\/p>\n\n\n\n<ul class=\"wp-block-list\">\n<li><strong>Evitar esfor\u00e7os mec\u00e2nicos excessivos:<\/strong> o cabo n\u00e3o deve sofrer tra\u00e7\u00e3o, dobras muito acentuadas ou danos durante o lan\u00e7amento, pois isso pode comprometer sua estrutura interna.\u00a0<\/li>\n\n\n\n<li><strong>Manter organiza\u00e7\u00e3o do cabeamento:<\/strong> a disposi\u00e7\u00e3o adequada dos cabos facilita inspe\u00e7\u00f5es, reduz riscos de danos e melhora a manuten\u00e7\u00e3o futura do sistema.\u00a0<\/li>\n\n\n\n<li><strong>Proteger contra condi\u00e7\u00f5es ambientais:<\/strong> a instala\u00e7\u00e3o deve considerar exposi\u00e7\u00e3o ao sol, umidade e outros fatores que podem afetar a durabilidade dos materiais.\u00a0<\/li>\n\n\n\n<li><strong>Utilizar conex\u00f5es compat\u00edveis:<\/strong> conectores e termina\u00e7\u00f5es precisam estar adequados ao sistema para evitar falhas el\u00e9tricas e aquecimento nos pontos de contato.\u00a0<\/li>\n<\/ul>\n\n\n\n<p class=\"wp-block-paragraph\">Esses cuidados ajudam a preservar as caracter\u00edsticas do cabo e reduzem a necessidade de interven\u00e7\u00f5es corretivas durante a opera\u00e7\u00e3o da usina solar.<\/p>\n\n\n\n<h2 class=\"wp-block-heading\">Como o ambiente influencia o desempenho do cabo solar fotovoltaico 6mm?<\/h2>\n\n\n\n<p class=\"wp-block-paragraph\">O ambiente de instala\u00e7\u00e3o influencia diretamente a vida \u00fatil do <strong>cabo solar fotovoltaico 6mm<\/strong>. Sistemas fotovoltaicos normalmente permanecem expostos por longos per\u00edodos, o que exige materiais preparados para essas condi\u00e7\u00f5es.<\/p>\n\n\n\n<p class=\"wp-block-paragraph\">Temperatura elevada, radia\u00e7\u00e3o ultravioleta e umidade s\u00e3o alguns dos fatores que podem acelerar o desgaste de componentes quando o cabo n\u00e3o possui caracter\u00edsticas adequadas para esse tipo de aplica\u00e7\u00e3o.<\/p>\n\n\n\n<p class=\"wp-block-paragraph\">Em grandes projetos, essa an\u00e1lise se torna ainda mais importante porque pequenas altera\u00e7\u00f5es nas condi\u00e7\u00f5es de opera\u00e7\u00e3o podem impactar uma quantidade significativa de m\u00f3dulos conectados.<\/p>\n\n\n\n<h3 class=\"wp-block-heading\">Quais caracter\u00edsticas avaliar no cabo?<\/h3>\n\n\n\n<p class=\"wp-block-paragraph\">Um cabo destinado a sistemas fotovoltaicos precisa <a href=\"https:\/\/www.forestieri.com.br\/blog\/escolhendo-os-melhores-cabos-para-sistemas-fotovoltaicos-guia-completo\/\">apresentar caracter\u00edsticas compat\u00edveis<\/a> com o ambiente em que ser\u00e1 instalado.<\/p>\n\n\n\n<p class=\"wp-block-paragraph\">Entre os pontos que merecem aten\u00e7\u00e3o est\u00e3o:<\/p>\n\n\n\n<figure class=\"wp-block-table\"><table class=\"has-fixed-layout\"><tbody><tr><td><strong>Caracter\u00edstica<\/strong><\/td><td><strong>Import\u00e2ncia para o sistema<\/strong><\/td><\/tr><tr><td>Resist\u00eancia aos raios UV<\/td><td>Ajuda a preservar o isolamento quando o cabo fica exposto ao sol.<\/td><\/tr><tr><td>Resist\u00eancia t\u00e9rmica<\/td><td>Permite opera\u00e7\u00e3o segura diante das varia\u00e7\u00f5es de temperatura.<\/td><\/tr><tr><td>Flexibilidade<\/td><td>Facilita a instala\u00e7\u00e3o e reduz riscos durante o manuseio.<\/td><\/tr><tr><td>Durabilidade do isolamento<\/td><td>Contribui para manter a prote\u00e7\u00e3o el\u00e9trica durante a vida \u00fatil do sistema.<\/td><\/tr><\/tbody><\/table><\/figure>\n\n\n\n<p class=\"wp-block-paragraph\">A escolha de um cabo adequado ao ambiente evita que fatores externos reduzam seu desempenho antes do esperado.<\/p>\n\n\n\n<h2 class=\"wp-block-heading\">Quando utilizar um cabo solar fotovoltaico 6mm em grandes sistemas?<\/h2>\n\n\n\n<p class=\"wp-block-paragraph\">O <strong>cabo solar fotovoltaico 6mm<\/strong> pode ser uma alternativa para diferentes aplica\u00e7\u00f5es em sistemas de maior porte, desde que o dimensionamento el\u00e9trico indique essa necessidade.<\/p>\n\n\n\n<p class=\"wp-block-paragraph\">Ele costuma ser avaliado em situa\u00e7\u00f5es onde o projeto exige maior capacidade de condu\u00e7\u00e3o de corrente ou onde as caracter\u00edsticas do circuito tornam necess\u00e1ria uma se\u00e7\u00e3o de condutor espec\u00edfica.<\/p>\n\n\n\n<p class=\"wp-block-paragraph\">Alguns exemplos de aplica\u00e7\u00f5es incluem:<\/p>\n\n\n\n<ul class=\"wp-block-list\">\n<li><strong>Conex\u00f5es entre m\u00f3dulos fotovoltaicos e caixas de jun\u00e7\u00e3o:<\/strong> o cabo pode ser utilizado para transportar a energia gerada pelos m\u00f3dulos dentro do arranjo fotovoltaico.\u00a0<\/li>\n\n\n\n<li><strong>Interliga\u00e7\u00f5es em usinas solares:<\/strong> projetos com maior quantidade de m\u00f3dulos podem exigir uma an\u00e1lise detalhada das dist\u00e2ncias e correntes envolvidas.\u00a0<\/li>\n\n\n\n<li><strong>Sistemas comerciais e industriais:<\/strong> instala\u00e7\u00f5es com maior demanda energ\u00e9tica precisam de solu\u00e7\u00f5es de cabeamento compat\u00edveis com sua opera\u00e7\u00e3o.\u00a0<\/li>\n<\/ul>\n\n\n\n<p class=\"wp-block-paragraph\">A aplica\u00e7\u00e3o correta depende sempre das caracter\u00edsticas do projeto. O uso de uma determinada bitola deve ser resultado de um dimensionamento adequado, e n\u00e3o apenas uma escolha baseada no tamanho do sistema.<\/p>\n\n\n\n<h2 class=\"wp-block-heading\">Como garantir mais efici\u00eancia em projetos com cabos solares fotovoltaicos?<\/h2>\n\n\n\n<p class=\"wp-block-paragraph\">A efici\u00eancia de um sistema fotovoltaico depende de diversos elementos trabalhando em conjunto. O <strong>cabo solar fotovoltaico 6mm<\/strong> participa desse processo ao conduzir a energia produzida pelos m\u00f3dulos com seguran\u00e7a e menor possibilidade de perdas.<\/p>\n\n\n\n<p class=\"wp-block-paragraph\">Para instaladores e integradores, avaliar o cabo desde a fase de projeto ajuda a evitar ajustes durante a execu\u00e7\u00e3o e problemas ap\u00f3s a entrada em opera\u00e7\u00e3o.<\/p>\n\n\n\n<p class=\"wp-block-paragraph\">A <strong>Cabomaq Forestieri<\/strong>, fabricante de fios e cabos el\u00e9tricos com mais de 35 anos de mercado, atua no desenvolvimento de solu\u00e7\u00f5es para diferentes segmentos que dependem de condu\u00e7\u00e3o el\u00e9trica segura e eficiente.<\/p>\n\n\n\n<p class=\"wp-block-paragraph\">Conhecer as caracter\u00edsticas t\u00e9cnicas do cabo, analisar as condi\u00e7\u00f5es da instala\u00e7\u00e3o e seguir boas pr\u00e1ticas de montagem s\u00e3o etapas essenciais para construir sistemas fotovoltaicos mais confi\u00e1veis.<\/p>\n\n\n\n<figure class=\"wp-block-image size-large\"><img loading=\"lazy\" decoding=\"async\" width=\"1024\" height=\"576\" src=\"https:\/\/www.forestieri.com.br\/blog\/wp-content\/uploads\/2026\/08\/image-13-1024x576.png\" alt=\"Instala\u00e7\u00e3o de cabos solares fotovoltaicos em uma grande usina de energia solar\" class=\"wp-image-1784\" style=\"aspect-ratio:1.7774294670846396\" title=\"\" srcset=\"https:\/\/www.forestieri.com.br\/blog\/wp-content\/uploads\/2026\/08\/image-13-1024x576.png 1024w, https:\/\/www.forestieri.com.br\/blog\/wp-content\/uploads\/2026\/08\/image-13-300x169.png 300w, https:\/\/www.forestieri.com.br\/blog\/wp-content\/uploads\/2026\/08\/image-13-768x432.png 768w, https:\/\/www.forestieri.com.br\/blog\/wp-content\/uploads\/2026\/08\/image-13.png 1200w\" sizes=\"auto, (max-width: 1024px) 100vw, 1024px\" \/><figcaption class=\"wp-element-caption\"><em>Dimensionar corretamente os cabos solares garante melhor aproveitamento da energia produzida e reduz perdas.<\/em><\/figcaption><\/figure>\n\n\n\n<h2 class=\"wp-block-heading\">Conclus\u00e3o<\/h2>\n\n\n\n<p class=\"wp-block-paragraph\">A instala\u00e7\u00e3o de um <strong>cabo solar fotovoltaico 6mm<\/strong> em grandes sistemas exige mais do que escolher uma determinada bitola. \u00c9 necess\u00e1rio avaliar corrente el\u00e9trica, dist\u00e2ncia, ambiente de instala\u00e7\u00e3o e compatibilidade com os demais componentes.<\/p>\n\n\n\n<p class=\"wp-block-paragraph\">Um dimensionamento correto contribui para reduzir perdas, preservar a seguran\u00e7a da instala\u00e7\u00e3o e manter o desempenho esperado da gera\u00e7\u00e3o solar ao longo do tempo.<\/p>\n\n\n\n<p class=\"wp-block-paragraph\">Para continuar aprofundando seus conhecimentos sobre cabeamento fotovoltaico, <a href=\"https:\/\/www.forestieri.com.br\/blog\">confira outros conte\u00fados t\u00e9cnicos<\/a> sobre <strong>cabos solares fotovoltaicos<\/strong>, dimensionamento el\u00e9trico e boas pr\u00e1ticas para projetos de energia solar no blog da Cabomaq.<\/p>\n","protected":false},"excerpt":{"rendered":"<p>Em grandes sistemas fotovoltaicos, a escolha do cabo solar fotovoltaico 6mm deve considerar fatores como corrente el\u00e9trica, dist\u00e2ncia entre os componentes, condi\u00e7\u00f5es do ambiente e seguran\u00e7a da instala\u00e7\u00e3o. Esse tipo de cabo \u00e9 amplamente utilizado em sistemas de gera\u00e7\u00e3o solar porque oferece uma boa rela\u00e7\u00e3o entre capacidade de condu\u00e7\u00e3o el\u00e9trica, resist\u00eancia mec\u00e2nica e efici\u00eancia energ\u00e9tica&#8230;<\/p>\n","protected":false},"author":2,"featured_media":1785,"comment_status":"open","ping_status":"open","sticky":false,"template":"","format":"standard","meta":{"_kad_post_transparent":"","_kad_post_title":"","_kad_post_layout":"","_kad_post_sidebar_id":"","_kad_post_content_style":"","_kad_post_vertical_padding":"","_kad_post_feature":"","_kad_post_feature_position":"","_kad_post_header":false,"_kad_post_footer":false,"footnotes":""},"categories":[82],"tags":[],"class_list":["post-1782","post","type-post","status-publish","format-standard","has-post-thumbnail","hentry","category-publicacoes"],"_links":{"self":[{"href":"https:\/\/www.forestieri.com.br\/blog\/wp-json\/wp\/v2\/posts\/1782","targetHints":{"allow":["GET"]}}],"collection":[{"href":"https:\/\/www.forestieri.com.br\/blog\/wp-json\/wp\/v2\/posts"}],"about":[{"href":"https:\/\/www.forestieri.com.br\/blog\/wp-json\/wp\/v2\/types\/post"}],"author":[{"embeddable":true,"href":"https:\/\/www.forestieri.com.br\/blog\/wp-json\/wp\/v2\/users\/2"}],"replies":[{"embeddable":true,"href":"https:\/\/www.forestieri.com.br\/blog\/wp-json\/wp\/v2\/comments?post=1782"}],"version-history":[{"count":1,"href":"https:\/\/www.forestieri.com.br\/blog\/wp-json\/wp\/v2\/posts\/1782\/revisions"}],"predecessor-version":[{"id":1786,"href":"https:\/\/www.forestieri.com.br\/blog\/wp-json\/wp\/v2\/posts\/1782\/revisions\/1786"}],"wp:featuredmedia":[{"embeddable":true,"href":"https:\/\/www.forestieri.com.br\/blog\/wp-json\/wp\/v2\/media\/1785"}],"wp:attachment":[{"href":"https:\/\/www.forestieri.com.br\/blog\/wp-json\/wp\/v2\/media?parent=1782"}],"wp:term":[{"taxonomy":"category","embeddable":true,"href":"https:\/\/www.forestieri.com.br\/blog\/wp-json\/wp\/v2\/categories?post=1782"},{"taxonomy":"post_tag","embeddable":true,"href":"https:\/\/www.forestieri.com.br\/blog\/wp-json\/wp\/v2\/tags?post=1782"}],"curies":[{"name":"wp","href":"https:\/\/api.w.org\/{rel}","templated":true}]}}