{"id":1787,"date":"2026-07-03T10:22:31","date_gmt":"2026-07-03T13:22:31","guid":{"rendered":"https:\/\/www.forestieri.com.br\/blog\/?p=1787"},"modified":"2026-08-26T10:27:04","modified_gmt":"2026-08-26T13:27:04","slug":"por-que-abastecer-sua-revenda-com-cabo-paralelo-2x25mm-direto-de-um-fabricante","status":"publish","type":"post","link":"https:\/\/www.forestieri.com.br\/blog\/por-que-abastecer-sua-revenda-com-cabo-paralelo-2x25mm-direto-de-um-fabricante\/","title":{"rendered":"Por que abastecer sua revenda com cabo paralelo 2&#215;2,5mm direto de um fabricante?"},"content":{"rendered":"\n<p class=\"wp-block-paragraph\">Para uma revenda de materiais el\u00e9tricos, comprar <strong>cabo paralelo 2&#215;2,5mm<\/strong> direto do fabricante pode trazer mais previsibilidade ao estoque, al\u00e9m de facilitar o controle sobre qualidade, fornecimento e condi\u00e7\u00f5es de compra.<\/p>\n\n\n\n<p class=\"wp-block-paragraph\">Esse tipo de produto faz parte de uma categoria com aplica\u00e7\u00f5es recorrentes e facilidade de comercializa\u00e7\u00e3o. Por isso, manter disponibilidade \u00e9 importante para evitar rupturas justamente quando o cliente procura o material.<\/p>\n\n\n\n<p class=\"wp-block-paragraph\">A diferen\u00e7a est\u00e1 em escolher um fornecedor capaz de sustentar esse abastecimento com qualidade e regularidade. \u00c9 a\u00ed que a compra direta ganha relev\u00e2ncia.<\/p>\n\n\n\n<h2 class=\"wp-block-heading\">Por que o cabo paralelo 2&#215;2,5mm \u00e9 interessante para uma revenda?<\/h2>\n\n\n\n<p class=\"wp-block-paragraph\">O <strong>cabo paralelo 2&#215;2,5mm<\/strong> pode integrar o mix de uma revenda que trabalha com produtos de sa\u00edda recorrente, especialmente porque o cord\u00e3o paralelo possui aplica\u00e7\u00f5es no uso dom\u00e9stico e em pequenos com\u00e9rcios.<\/p>\n\n\n\n<p class=\"wp-block-paragraph\">A constru\u00e7\u00e3o com condutores dispostos em paralelo tamb\u00e9m facilita opera\u00e7\u00f5es como corte, separa\u00e7\u00e3o e conex\u00e3o. Para a loja, isso contribui para uma comercializa\u00e7\u00e3o simples e pr\u00e1tica.<\/p>\n\n\n\n<p class=\"wp-block-paragraph\">O giro do produto, por\u00e9m, n\u00e3o depende apenas da procura. <a href=\"https:\/\/www.forestieri.com.br\/blog\/guia-de-compra-para-revenda-sobre-o-giro-de-estoque-do-cabo-cordao-paralelo\/\">A disponibilidade tamb\u00e9m pesa na decis\u00e3o de compra<\/a>. Quando um item de demanda recorrente n\u00e3o est\u00e1 no estoque, a venda pode ser perdida.<\/p>\n\n\n\n<p class=\"wp-block-paragraph\">Por isso, o planejamento do mix precisa considerar n\u00e3o apenas quais produtos comprar, mas tamb\u00e9m <strong>como manter o abastecimento<\/strong>.<\/p>\n\n\n\n<p class=\"wp-block-paragraph\">Para o lojista, alguns fatores ajudam a entender o impacto desse produto no estoque:<\/p>\n\n\n\n<ul class=\"wp-block-list\">\n<li><strong>Aplica\u00e7\u00e3o ampla:<\/strong> o cord\u00e3o paralelo atende situa\u00e7\u00f5es recorrentes, como extens\u00f5es, ilumina\u00e7\u00e3o, lumin\u00e1rias e liga\u00e7\u00f5es de equipamentos de baixa pot\u00eancia.<\/li>\n\n\n\n<li><strong>Facilidade de comercializa\u00e7\u00e3o:<\/strong> a possibilidade de venda por metro oferece flexibilidade para atender diferentes necessidades do cliente.<\/li>\n\n\n\n<li><strong>Armazenamento simples:<\/strong> a facilidade de armazenamento e exposi\u00e7\u00e3o contribui para uma opera\u00e7\u00e3o mais pr\u00e1tica no ponto de venda.<\/li>\n\n\n\n<li><strong>Rotatividade:<\/strong> a presen\u00e7a em aplica\u00e7\u00f5es do cotidiano favorece a sa\u00edda recorrente e ajuda a movimentar o capital de giro.<\/li>\n<\/ul>\n\n\n\n<p class=\"wp-block-paragraph\">O resultado \u00e9 um produto que pode cumprir um papel estrat\u00e9gico no mix, desde que o estoque seja planejado de acordo com a demanda da pr\u00f3pria revenda.<\/p>\n\n\n\n<h2 class=\"wp-block-heading\">O que muda ao comprar cabo paralelo 2&#215;2,5mm direto do fabricante?<\/h2>\n\n\n\n<p class=\"wp-block-paragraph\">A principal diferen\u00e7a est\u00e1 no acesso direto \u00e0 origem do produto. Em vez de depender de diferentes intermedi\u00e1rios, a revenda passa a negociar diretamente com quem fabrica.<\/p>\n\n\n\n<p class=\"wp-block-paragraph\">Isso facilita a comunica\u00e7\u00e3o sobre produto, produ\u00e7\u00e3o, qualidade e fornecimento. Tamb\u00e9m permite avaliar a compra considerando n\u00e3o apenas o pre\u00e7o, mas o impacto do fornecedor sobre toda a opera\u00e7\u00e3o.<\/p>\n\n\n\n<p class=\"wp-block-paragraph\">Para quem trabalha com estoque, essa vis\u00e3o \u00e9 importante. Um pre\u00e7o de aquisi\u00e7\u00e3o aparentemente menor pode deixar de ser vantajoso quando existe dificuldade de reposi\u00e7\u00e3o, falta de padroniza\u00e7\u00e3o ou aus\u00eancia de suporte.<\/p>\n\n\n\n<p class=\"wp-block-paragraph\">A compra direta tamb\u00e9m pode oferecer <a href=\"https:\/\/www.forestieri.com.br\/blog\/planejamento-eletrico-inteligente-por-que-comprar-cabos-direto-do-fabricante-faz-diferenca\/\">maior previsibilidade comercial<\/a>. Dependendo da negocia\u00e7\u00e3o, o fabricante pode trabalhar com lotes adequados \u00e0 necessidade do cliente e condi\u00e7\u00f5es mais competitivas pela redu\u00e7\u00e3o de intermedi\u00e1rios.<\/p>\n\n\n\n<p class=\"wp-block-paragraph\">Outro ponto \u00e9 a qualidade. Comprar cabos de origem conhecida reduz a exposi\u00e7\u00e3o a problemas associados a produtos sem proced\u00eancia, como falta de rastreabilidade, aus\u00eancia de assist\u00eancia e inconsist\u00eancia na fabrica\u00e7\u00e3o.<\/p>\n\n\n\n<h3 class=\"wp-block-heading\">Quais crit\u00e9rios avaliar antes de escolher o fornecedor?<\/h3>\n\n\n\n<p class=\"wp-block-paragraph\">A an\u00e1lise deve considerar mais do que o pre\u00e7o de aquisi\u00e7\u00e3o. Para uma revenda, qualidade, fornecimento e suporte tamb\u00e9m interferem no resultado da compra.<\/p>\n\n\n\n<ul class=\"wp-block-list\">\n<li><strong>Qualidade e padroniza\u00e7\u00e3o:<\/strong> o controle do processo produtivo contribui para manter maior consist\u00eancia entre os lotes adquiridos pela revenda.<\/li>\n\n\n\n<li><strong>Condi\u00e7\u00f5es comerciais:<\/strong> a negocia\u00e7\u00e3o direta pode reduzir margens adicionadas por intermedi\u00e1rios e favorecer uma compra mais competitiva.<\/li>\n\n\n\n<li><strong>Regularidade de fornecimento:<\/strong> a capacidade de produ\u00e7\u00e3o e estoque influencia diretamente a reposi\u00e7\u00e3o dos produtos de maior giro.<\/li>\n\n\n\n<li><strong>Suporte t\u00e9cnico:<\/strong> o contato com a fabricante facilita o esclarecimento de d\u00favidas e a escolha dos produtos para diferentes necessidades.<\/li>\n<\/ul>\n\n\n\n<p class=\"wp-block-paragraph\">Esses fatores ajudam a transformar a compra de cabos em uma decis\u00e3o de abastecimento, e n\u00e3o apenas em uma compara\u00e7\u00e3o de pre\u00e7os.<\/p>\n\n\n\n<figure class=\"wp-block-image size-large\"><img loading=\"lazy\" decoding=\"async\" width=\"1024\" height=\"576\" src=\"https:\/\/www.forestieri.com.br\/blog\/wp-content\/uploads\/2026\/08\/image-15-1024x576.png\" alt=\"Profissional avaliando cabos el\u00e9tricos para compra direta do fabricante.\" class=\"wp-image-1788\" style=\"aspect-ratio:1.7774294670846396\" title=\"\" srcset=\"https:\/\/www.forestieri.com.br\/blog\/wp-content\/uploads\/2026\/08\/image-15-1024x576.png 1024w, https:\/\/www.forestieri.com.br\/blog\/wp-content\/uploads\/2026\/08\/image-15-300x169.png 300w, https:\/\/www.forestieri.com.br\/blog\/wp-content\/uploads\/2026\/08\/image-15-768x432.png 768w, https:\/\/www.forestieri.com.br\/blog\/wp-content\/uploads\/2026\/08\/image-15.png 1200w\" sizes=\"auto, (max-width: 1024px) 100vw, 1024px\" \/><figcaption class=\"wp-element-caption\"><em>Qualidade e padroniza\u00e7\u00e3o s\u00e3o alguns dos fatores que devem ser avaliados antes de escolher o fornecedor de cabo paralelo.<\/em><\/figcaption><\/figure>\n\n\n\n<h2 class=\"wp-block-heading\">Como escolher um fabricante para abastecer sua revenda?<\/h2>\n\n\n\n<p class=\"wp-block-paragraph\">O fabricante ideal precisa combinar qualidade, estrutura e capacidade de atendimento. Para o lojista ou distribuidor, isso reduz a depend\u00eancia de compras pontuais e melhora a previsibilidade da opera\u00e7\u00e3o.<\/p>\n\n\n\n<p class=\"wp-block-paragraph\">A estrutura produtiva \u00e9 um dos primeiros pontos a observar. Uma fabricante que controla seus processos consegue acompanhar mais de perto a fabrica\u00e7\u00e3o e o controle de qualidade dos produtos.<\/p>\n\n\n\n<p class=\"wp-block-paragraph\">A log\u00edstica tamb\u00e9m merece aten\u00e7\u00e3o. Quando um item apresenta boa sa\u00edda, atrasos na reposi\u00e7\u00e3o podem gerar ruptura e perda de vendas.<\/p>\n\n\n\n<p class=\"wp-block-paragraph\">Outro aspecto \u00e9 o atendimento. Ter contato direto com a empresa respons\u00e1vel pela fabrica\u00e7\u00e3o facilita a resolu\u00e7\u00e3o de d\u00favidas e pode tornar a rela\u00e7\u00e3o comercial mais eficiente.<\/p>\n\n\n\n<p class=\"wp-block-paragraph\">Nesse cen\u00e1rio, a escolha do fornecedor deve considerar o conjunto da opera\u00e7\u00e3o, desde a qualidade do produto at\u00e9 a capacidade de manter o abastecimento.<\/p>\n\n\n\n<figure class=\"wp-block-image size-large\"><img loading=\"lazy\" decoding=\"async\" width=\"1024\" height=\"576\" src=\"https:\/\/www.forestieri.com.br\/blog\/wp-content\/uploads\/2026\/08\/image-16-1024x576.png\" alt=\"Cabos el\u00e9tricos preparados para expedi\u00e7\u00e3o e abastecimento de revendas.\" class=\"wp-image-1789\" style=\"aspect-ratio:1.7774294670846396\" title=\"\" srcset=\"https:\/\/www.forestieri.com.br\/blog\/wp-content\/uploads\/2026\/08\/image-16-1024x576.png 1024w, https:\/\/www.forestieri.com.br\/blog\/wp-content\/uploads\/2026\/08\/image-16-300x169.png 300w, https:\/\/www.forestieri.com.br\/blog\/wp-content\/uploads\/2026\/08\/image-16-768x432.png 768w, https:\/\/www.forestieri.com.br\/blog\/wp-content\/uploads\/2026\/08\/image-16.png 1200w\" sizes=\"auto, (max-width: 1024px) 100vw, 1024px\" \/><figcaption class=\"wp-element-caption\"><em>A log\u00edstica tamb\u00e9m \u00e9 um fator que favorece a escolha do fabricante de cabo paralelo.<\/em><\/figcaption><\/figure>\n\n\n\n<h2 class=\"wp-block-heading\">Por que comprar cabo paralelo 2&#215;2,5mm da Cabomaq?<\/h2>\n\n\n\n<p class=\"wp-block-paragraph\">A <strong>Cabomaq<\/strong> atua h\u00e1 mais de 35 anos na fabrica\u00e7\u00e3o de fios e cabos el\u00e9tricos e possui estrutura pr\u00f3pria para produ\u00e7\u00e3o e atendimento ao mercado.<\/p>\n\n\n\n<p class=\"wp-block-paragraph\">A empresa conta com uma \u00e1rea de 20.000 m\u00b2, laborat\u00f3rio dedicado e processos de controle de qualidade. Essa estrutura permite acompanhar a fabrica\u00e7\u00e3o e trabalhar com padroniza\u00e7\u00e3o dos produtos.<\/p>\n\n\n\n<p class=\"wp-block-paragraph\">Para uma revenda, esse controle \u00e9 relevante porque a qualidade do produto interfere diretamente na experi\u00eancia do cliente final. Um material consistente ajuda a reduzir problemas, devolu\u00e7\u00f5es e reclama\u00e7\u00f5es.<\/p>\n\n\n\n<p class=\"wp-block-paragraph\">A capacidade log\u00edstica tamb\u00e9m contribui para o abastecimento. Manter estoque organizado e uma estrutura preparada para atender pedidos ajuda a reduzir o risco de ruptura de produtos de maior giro.<\/p>\n\n\n\n<p class=\"wp-block-paragraph\">Al\u00e9m disso, a compra direta aproxima o lojista da pr\u00f3pria fabricante. Isso facilita o acesso a informa\u00e7\u00f5es sobre os produtos, suporte t\u00e9cnico e condi\u00e7\u00f5es comerciais.<\/p>\n\n\n\n<p class=\"wp-block-paragraph\">Para quem procura um fornecedor de <strong>fio paralelo 2&#215;2,5mm<\/strong> ou <strong>cord\u00e3o paralelo 2&#215;2,5mm<\/strong>, a an\u00e1lise deve partir justamente desses crit\u00e9rios: qualidade, regularidade, estrutura e capacidade de atendimento.<\/p>\n\n\n\n<h3 class=\"wp-block-heading\">Abaste\u00e7a sua revenda diretamente com a Cabomaq<\/h3>\n\n\n\n<p class=\"wp-block-paragraph\">Se o objetivo \u00e9 manter um mix de cabos com boa disponibilidade e contar com uma rela\u00e7\u00e3o direta com o fabricante, vale conhecer as condi\u00e7\u00f5es de fornecimento da Cabomaq.<\/p>\n\n\n\n<p class=\"wp-block-paragraph\"><a href=\"https:\/\/www.forestieri.com.br\/contato\">Entre em contato com a equipe comercial<\/a>, apresente o perfil da sua revenda e consulte as condi\u00e7\u00f5es para compra do <strong>cabo paralelo 2&#215;2,5mm<\/strong> diretamente da fabricante.<\/p>\n","protected":false},"excerpt":{"rendered":"<p>Para uma revenda de materiais el\u00e9tricos, comprar cabo paralelo 2&#215;2,5mm direto do fabricante pode trazer mais previsibilidade ao estoque, al\u00e9m de facilitar o controle sobre qualidade, fornecimento e condi\u00e7\u00f5es de compra. Esse tipo de produto faz parte de uma categoria com aplica\u00e7\u00f5es recorrentes e facilidade de comercializa\u00e7\u00e3o. Por isso, manter disponibilidade \u00e9 importante para evitar&#8230;<\/p>\n","protected":false},"author":2,"featured_media":1790,"comment_status":"open","ping_status":"open","sticky":false,"template":"","format":"standard","meta":{"_kad_post_transparent":"","_kad_post_title":"","_kad_post_layout":"","_kad_post_sidebar_id":"","_kad_post_content_style":"","_kad_post_vertical_padding":"","_kad_post_feature":"","_kad_post_feature_position":"","_kad_post_header":false,"_kad_post_footer":false,"footnotes":""},"categories":[82],"tags":[],"class_list":["post-1787","post","type-post","status-publish","format-standard","has-post-thumbnail","hentry","category-publicacoes"],"_links":{"self":[{"href":"https:\/\/www.forestieri.com.br\/blog\/wp-json\/wp\/v2\/posts\/1787","targetHints":{"allow":["GET"]}}],"collection":[{"href":"https:\/\/www.forestieri.com.br\/blog\/wp-json\/wp\/v2\/posts"}],"about":[{"href":"https:\/\/www.forestieri.com.br\/blog\/wp-json\/wp\/v2\/types\/post"}],"author":[{"embeddable":true,"href":"https:\/\/www.forestieri.com.br\/blog\/wp-json\/wp\/v2\/users\/2"}],"replies":[{"embeddable":true,"href":"https:\/\/www.forestieri.com.br\/blog\/wp-json\/wp\/v2\/comments?post=1787"}],"version-history":[{"count":1,"href":"https:\/\/www.forestieri.com.br\/blog\/wp-json\/wp\/v2\/posts\/1787\/revisions"}],"predecessor-version":[{"id":1791,"href":"https:\/\/www.forestieri.com.br\/blog\/wp-json\/wp\/v2\/posts\/1787\/revisions\/1791"}],"wp:featuredmedia":[{"embeddable":true,"href":"https:\/\/www.forestieri.com.br\/blog\/wp-json\/wp\/v2\/media\/1790"}],"wp:attachment":[{"href":"https:\/\/www.forestieri.com.br\/blog\/wp-json\/wp\/v2\/media?parent=1787"}],"wp:term":[{"taxonomy":"category","embeddable":true,"href":"https:\/\/www.forestieri.com.br\/blog\/wp-json\/wp\/v2\/categories?post=1787"},{"taxonomy":"post_tag","embeddable":true,"href":"https:\/\/www.forestieri.com.br\/blog\/wp-json\/wp\/v2\/tags?post=1787"}],"curies":[{"name":"wp","href":"https:\/\/api.w.org\/{rel}","templated":true}]}}