{"id":1797,"date":"2026-07-17T10:31:50","date_gmt":"2026-07-17T13:31:50","guid":{"rendered":"https:\/\/www.forestieri.com.br\/blog\/?p=1797"},"modified":"2026-08-26T10:35:45","modified_gmt":"2026-08-26T13:35:45","slug":"tudo-o-que-voce-precisa-saber-para-dimensionar-o-cabo-pp-3x6-em-equipamentos-de-potencia","status":"publish","type":"post","link":"https:\/\/www.forestieri.com.br\/blog\/tudo-o-que-voce-precisa-saber-para-dimensionar-o-cabo-pp-3x6-em-equipamentos-de-potencia\/","title":{"rendered":"Tudo o que voc\u00ea precisa saber para dimensionar o cabo PP 3&#215;6 em equipamentos de pot\u00eancia"},"content":{"rendered":"\n<p class=\"wp-block-paragraph\">O dimensionamento do <strong>cabo PP 3x6mm<\/strong> n\u00e3o deve partir apenas da pot\u00eancia do equipamento. \u00c9 preciso analisar corrente, m\u00e9todo de instala\u00e7\u00e3o, temperatura, agrupamento, comprimento do circuito e caracter\u00edsticas da isola\u00e7\u00e3o.<\/p>\n\n\n\n<p class=\"wp-block-paragraph\">Isso acontece porque a se\u00e7\u00e3o do condutor interfere diretamente na capacidade de condu\u00e7\u00e3o de corrente, no aquecimento, na queda de tens\u00e3o e na seguran\u00e7a da instala\u00e7\u00e3o.<\/p>\n\n\n\n<p class=\"wp-block-paragraph\">O <strong>cabo PP 3&#215;6<\/strong> da Cabomaq possui tr\u00eas condutores de cobre eletrol\u00edtico, com pureza de 99,9%, classe 5 de encordoamento e isola\u00e7\u00e3o \u00e0 base de PVC. A vers\u00e3o de 6 mm\u00b2 est\u00e1 dispon\u00edvel tanto em 500 V quanto em 0,6\/1 kV.<\/p>\n\n\n\n<p class=\"wp-block-paragraph\">A quest\u00e3o \u00e9 entender quando essa configura\u00e7\u00e3o atende ao equipamento e quais par\u00e2metros precisam ser verificados antes da especifica\u00e7\u00e3o.<\/p>\n\n\n\n<h2 class=\"wp-block-heading\">O que significa cabo PP 3x6mm?<\/h2>\n\n\n\n<p class=\"wp-block-paragraph\">O <strong>cabo PP 3x6mm<\/strong> \u00e9 um cabo multipolar com tr\u00eas condutores de se\u00e7\u00e3o nominal de 6 mm\u00b2 cada. Na linha da Cabomaq, ele utiliza condutores de cobre eletrol\u00edtico, t\u00eampera mole e classe 5 de encordoamento.<\/p>\n\n\n\n<p class=\"wp-block-paragraph\">A constru\u00e7\u00e3o flex\u00edvel torna o cabo PP adequado para alimenta\u00e7\u00e3o el\u00e9trica e interliga\u00e7\u00f5es de equipamentos m\u00f3veis. A pr\u00f3pria Cabomaq indica sua utiliza\u00e7\u00e3o em motores, m\u00e1quinas em geral, aparelhos port\u00e1teis e extens\u00f5es.<\/p>\n\n\n\n<p class=\"wp-block-paragraph\">A nomenclatura tamb\u00e9m ajuda a interpretar o produto:<\/p>\n\n\n\n<figure class=\"wp-block-table\"><table class=\"has-fixed-layout\"><tbody><tr><td><strong>Elemento<\/strong><\/td><td><strong>Significado<\/strong><\/td><\/tr><tr><td>PP<\/td><td>Cabo multipolar com cobertura externa de PVC<\/td><\/tr><tr><td>3<\/td><td>Tr\u00eas condutores<\/td><\/tr><tr><td>6 mm\u00b2<\/td><td>Se\u00e7\u00e3o nominal de cada condutor<\/td><\/tr><\/tbody><\/table><\/figure>\n\n\n\n<p class=\"wp-block-paragraph\">Essa leitura \u00e9 o primeiro passo. A partir dela, o dimensionamento precisa avan\u00e7ar para as condi\u00e7\u00f5es reais do circuito.<\/p>\n\n\n\n<h2 class=\"wp-block-heading\">Como dimensionar o cabo PP 3&#215;6 para um equipamento de pot\u00eancia?<\/h2>\n\n\n\n<p class=\"wp-block-paragraph\">O <a href=\"https:\/\/www.forestieri.com.br\/blog\/como-o-dimensionamento-dos-cabos-eletricos-influenciam-as-operacoes-industriais\/\">dimensionamento come\u00e7a pela corrente que o circuito<\/a> dever\u00e1 conduzir e continua com a an\u00e1lise das condi\u00e7\u00f5es de instala\u00e7\u00e3o. A se\u00e7\u00e3o escolhida precisa suportar a demanda sem gerar aquecimento excessivo ou queda de tens\u00e3o inadequada.<\/p>\n\n\n\n<p class=\"wp-block-paragraph\">Para determinar a corrente, \u00e9 necess\u00e1rio conhecer a pot\u00eancia do equipamento e a tens\u00e3o do circuito. A refer\u00eancia da Cabomaq apresenta a rela\u00e7\u00e3o <strong>P = I \u00d7 V<\/strong>, utilizada para obter a corrente a partir desses valores.<\/p>\n\n\n\n<p class=\"wp-block-paragraph\">Depois dessa primeira etapa, o c\u00e1lculo precisa considerar como o cabo ser\u00e1 instalado.<\/p>\n\n\n\n<h3 class=\"wp-block-heading\">Por que a corrente n\u00e3o \u00e9 o \u00fanico crit\u00e9rio?<\/h3>\n\n\n\n<p class=\"wp-block-paragraph\">Porque dois circuitos com a mesma corrente podem apresentar condi\u00e7\u00f5es t\u00e9rmicas diferentes.<\/p>\n\n\n\n<p class=\"wp-block-paragraph\">A temperatura ambiente, a quantidade de cabos agrupados, o m\u00e9todo de instala\u00e7\u00e3o e o comprimento do circuito podem alterar a capacidade de condu\u00e7\u00e3o e a necessidade de corre\u00e7\u00f5es.<\/p>\n\n\n\n<p class=\"wp-block-paragraph\">Por isso, o <strong>cabo PP 3x6mm<\/strong> n\u00e3o deve ser especificado apenas porque a pot\u00eancia do equipamento parece compat\u00edvel com a se\u00e7\u00e3o de 6 mm\u00b2.<\/p>\n\n\n\n<h2 class=\"wp-block-heading\">Quais fatores devem ser considerados no dimensionamento?<\/h2>\n\n\n\n<p class=\"wp-block-paragraph\">Al\u00e9m da corrente do circuito, o dimensionamento deve considerar as condi\u00e7\u00f5es que influenciam a capacidade de condu\u00e7\u00e3o e o comportamento el\u00e9trico do cabo.<\/p>\n\n\n\n<p class=\"wp-block-paragraph\">Os principais par\u00e2metros indicados nas refer\u00eancias s\u00e3o:<\/p>\n\n\n\n<ul class=\"wp-block-list\">\n<li><strong>Corrente do circuito:<\/strong> determina a demanda el\u00e9trica que os condutores precisar\u00e3o suportar.<\/li>\n\n\n\n<li><strong>M\u00e9todo de instala\u00e7\u00e3o:<\/strong> influencia a dissipa\u00e7\u00e3o de calor e a capacidade de condu\u00e7\u00e3o do cabo.<\/li>\n\n\n\n<li><strong>Temperatura ambiente:<\/strong> temperaturas elevadas podem reduzir a capacidade de condu\u00e7\u00e3o de corrente.<\/li>\n\n\n\n<li><strong>Quantidade de cabos agrupados:<\/strong> a proximidade entre v\u00e1rios cabos aumenta o aquecimento e pode exigir fatores de corre\u00e7\u00e3o.<\/li>\n\n\n\n<li><strong>Comprimento do circuito:<\/strong> trechos maiores apresentam maior resist\u00eancia el\u00e9trica e podem exigir aten\u00e7\u00e3o adicional \u00e0 queda de tens\u00e3o.<\/li>\n\n\n\n<li><strong>Condi\u00e7\u00f5es ambientais:<\/strong> umidade, vibra\u00e7\u00f5es e produtos qu\u00edmicos agressivos podem influenciar a escolha da constru\u00e7\u00e3o e da isola\u00e7\u00e3o.<\/li>\n<\/ul>\n\n\n\n<p class=\"wp-block-paragraph\">Esses fatores mostram porque o dimensionamento \u00e9 uma an\u00e1lise do circuito completo, e n\u00e3o apenas da se\u00e7\u00e3o nominal do condutor.<\/p>\n\n\n\n<figure class=\"wp-block-image size-large\"><img loading=\"lazy\" decoding=\"async\" width=\"1024\" height=\"576\" src=\"https:\/\/www.forestieri.com.br\/blog\/wp-content\/uploads\/2026\/08\/image-21-1024x576.png\" alt=\" An\u00e1lise de crit\u00e9rios para dimensionamento de cabos el\u00e9tricos industriais.\" class=\"wp-image-1798\" style=\"aspect-ratio:1.7774294670846396\" title=\"\" srcset=\"https:\/\/www.forestieri.com.br\/blog\/wp-content\/uploads\/2026\/08\/image-21-1024x576.png 1024w, https:\/\/www.forestieri.com.br\/blog\/wp-content\/uploads\/2026\/08\/image-21-300x169.png 300w, https:\/\/www.forestieri.com.br\/blog\/wp-content\/uploads\/2026\/08\/image-21-768x432.png 768w, https:\/\/www.forestieri.com.br\/blog\/wp-content\/uploads\/2026\/08\/image-21.png 1200w\" sizes=\"auto, (max-width: 1024px) 100vw, 1024px\" \/><figcaption class=\"wp-element-caption\"><em>O dimensionamento correto do cabo PP deve seguir uma an\u00e1lise de todo o circuito.<\/em><\/figcaption><\/figure>\n\n\n\n<h2 class=\"wp-block-heading\">Como o m\u00e9todo de instala\u00e7\u00e3o interfere na escolha do cabo PP 3&#215;6?<\/h2>\n\n\n\n<p class=\"wp-block-paragraph\">O m\u00e9todo de instala\u00e7\u00e3o interfere diretamente na capacidade de condu\u00e7\u00e3o de corrente. A instala\u00e7\u00e3o pode ocorrer em diferentes condi\u00e7\u00f5es, como eletrodutos, bandejas ou fixa\u00e7\u00e3o direta, e cada situa\u00e7\u00e3o possui caracter\u00edsticas t\u00e9rmicas pr\u00f3prias.<\/p>\n\n\n\n<p class=\"wp-block-paragraph\">Tamb\u00e9m \u00e9 necess\u00e1rio avaliar a quantidade de cabos instalados pr\u00f3ximos uns dos outros. Quanto maior for o agrupamento, maior pode ser o aquecimento provocado pela proximidade.<\/p>\n\n\n\n<p class=\"wp-block-paragraph\">Por isso, as tabelas da <strong>NBR 5410<\/strong> devem ser consultadas para determinar a se\u00e7\u00e3o adequada conforme o m\u00e9todo de instala\u00e7\u00e3o e os fatores envolvidos.<\/p>\n\n\n\n<h3 class=\"wp-block-heading\">E se houver v\u00e1rios cabos pr\u00f3ximos?<\/h3>\n\n\n\n<p class=\"wp-block-paragraph\">O agrupamento pode reduzir a capacidade de condu\u00e7\u00e3o de corrente.<\/p>\n\n\n\n<p class=\"wp-block-paragraph\">Em instala\u00e7\u00f5es com v\u00e1rios cabos dentro de eletrodutos ou bandejas, o calor gerado pela proximidade precisa ser considerado. A refer\u00eancia recomenda aplicar os fatores de corre\u00e7\u00e3o correspondentes ao agrupamento.<\/p>\n\n\n\n<p class=\"wp-block-paragraph\">Esse cuidado \u00e9 especialmente relevante em pain\u00e9is, m\u00e1quinas e instala\u00e7\u00f5es industriais com v\u00e1rios circuitos concentrados no mesmo espa\u00e7o.<\/p>\n\n\n\n<h2 class=\"wp-block-heading\">Qual \u00e9 a influ\u00eancia da temperatura no dimensionamento?<\/h2>\n\n\n\n<p class=\"wp-block-paragraph\">A temperatura interfere na capacidade de condu\u00e7\u00e3o de corrente do cabo. Quanto maior for a temperatura do ambiente, maior a necessidade de considerar sua influ\u00eancia sobre o desempenho t\u00e9rmico do condutor.<\/p>\n\n\n\n<p class=\"wp-block-paragraph\">A escolha da isola\u00e7\u00e3o tamb\u00e9m est\u00e1 relacionada \u00e0s condi\u00e7\u00f5es de instala\u00e7\u00e3o, j\u00e1 que diferentes materiais podem ser indicados conforme as caracter\u00edsticas e exig\u00eancias do ambiente.<\/p>\n\n\n\n<p class=\"wp-block-paragraph\">No caso do <strong>cabo PP 3x6mm<\/strong> da Cabomaq, a constru\u00e7\u00e3o utiliza isola\u00e7\u00e3o de PVC com classe t\u00e9rmica de 70\u00b0C.<\/p>\n\n\n\n<p class=\"wp-block-paragraph\">Portanto, a temperatura prevista para o circuito precisa ser confrontada com as caracter\u00edsticas do cabo antes da especifica\u00e7\u00e3o.<\/p>\n\n\n\n<h2 class=\"wp-block-heading\">Quando considerar o cabo PP 3x6mm 1kV?<\/h2>\n\n\n\n<p class=\"wp-block-paragraph\">A vers\u00e3o <strong>cabo PP 3x6mm 1kV<\/strong> deve ser considerada quando a tens\u00e3o de isolamento requerida pela aplica\u00e7\u00e3o for compat\u00edvel com a especifica\u00e7\u00e3o de 0,6\/1 kV.<\/p>\n\n\n\n<p class=\"wp-block-paragraph\">A linha Cabomaq apresenta o cabo PP em duas op\u00e7\u00f5es de tens\u00e3o de isolamento: 500 V e 0,6\/1 kV. Para tr\u00eas condutores de 6 mm\u00b2, a vers\u00e3o 0,6\/1 kV possui espessura nominal de isola\u00e7\u00e3o de 1,0 mm, cobertura de 2,1 mm e di\u00e2metro externo nominal de 14,30 mm.<\/p>\n\n\n\n<p class=\"wp-block-paragraph\">Isso diferencia a especifica\u00e7\u00e3o el\u00e9trica da simples escolha da se\u00e7\u00e3o. Dois cabos podem ter a mesma bitola e apresentar caracter\u00edsticas de tens\u00e3o de isolamento diferentes.<\/p>\n\n\n\n<h2 class=\"wp-block-heading\">Como a queda de tens\u00e3o afeta a escolha do cabo PP 3&#215;6?<\/h2>\n\n\n\n<p class=\"wp-block-paragraph\">A queda de tens\u00e3o precisa ser analisada principalmente em circuitos mais longos. Conforme o comprimento aumenta, a resist\u00eancia el\u00e9trica do cabo tamb\u00e9m cresce, o que pode exigir uma se\u00e7\u00e3o maior para manter a queda dentro dos limites aceit\u00e1veis.<\/p>\n\n\n\n<p class=\"wp-block-paragraph\">Por isso, mesmo que a capacidade de condu\u00e7\u00e3o de corrente indique 6 mm\u00b2, o comprimento do circuito pode levar a uma avalia\u00e7\u00e3o diferente.<\/p>\n\n\n\n<p class=\"wp-block-paragraph\">Em equipamentos industriais instalados a dist\u00e2ncias maiores do ponto de alimenta\u00e7\u00e3o, esse crit\u00e9rio ganha ainda mais relev\u00e2ncia.<\/p>\n\n\n\n<h3 class=\"wp-block-heading\">O que acontece quando a queda de tens\u00e3o \u00e9 ignorada?<\/h3>\n\n\n\n<p class=\"wp-block-paragraph\">A queda de tens\u00e3o pode comprometer o funcionamento adequado dos equipamentos.<\/p>\n\n\n\n<p class=\"wp-block-paragraph\">A refer\u00eancia da Cabomaq associa cabos inadequadamente dimensionados a perdas de energia e queda de tens\u00e3o, com poss\u00edveis impactos no desempenho das m\u00e1quinas e na estabilidade da opera\u00e7\u00e3o.<\/p>\n\n\n\n<p class=\"wp-block-paragraph\">Por isso, a an\u00e1lise precisa verificar simultaneamente a capacidade de condu\u00e7\u00e3o e a queda de tens\u00e3o.<\/p>\n\n\n\n<h2 class=\"wp-block-heading\">Qual \u00e9 a diferen\u00e7a entre cabo PP 3&#215;6 500V e 0,6\/1kV?<\/h2>\n\n\n\n<p class=\"wp-block-paragraph\">A principal diferen\u00e7a est\u00e1 na tens\u00e3o de isolamento especificada para cada vers\u00e3o.<\/p>\n\n\n\n<p class=\"wp-block-paragraph\">Na linha da Cabomaq, o <strong>cabo PP 3&#215;6<\/strong> est\u00e1 dispon\u00edvel em 500 V e 0,6\/1 kV. A constru\u00e7\u00e3o, por\u00e9m, apresenta diferen\u00e7as dimensionais entre as duas vers\u00f5es.<\/p>\n\n\n\n<figure class=\"wp-block-table\"><table class=\"has-fixed-layout\"><tbody><tr><td><strong>Caracter\u00edstica<\/strong><\/td><td><strong>Cabo PP 3&#215;6 500V<\/strong><\/td><td><strong>Cabo PP 3&#215;6 0,6\/1kV<\/strong><\/td><\/tr><tr><td>N\u00famero de condutores<\/td><td>3<\/td><td>3<\/td><\/tr><tr><td>Se\u00e7\u00e3o nominal<\/td><td>6 mm\u00b2<\/td><td>6 mm\u00b2<\/td><\/tr><tr><td>Tens\u00e3o de isolamento<\/td><td>500 V<\/td><td>0,6\/1 kV<\/td><\/tr><tr><td>Espessura nominal da isola\u00e7\u00e3o<\/td><td>1,0 mm<\/td><td>1,0 mm<\/td><\/tr><tr><td>Espessura nominal da cobertura<\/td><td>1,9 mm<\/td><td>2,1 mm<\/td><\/tr><tr><td>Di\u00e2metro externo nominal<\/td><td>12,75 mm<\/td><td>14,30 mm<\/td><\/tr><tr><td>Massa aproximada<\/td><td>288 kg\/km<\/td><td>362 kg\/km<\/td><\/tr><\/tbody><\/table><\/figure>\n\n\n\n<p class=\"wp-block-paragraph\">Os valores s\u00e3o nominais e est\u00e3o sujeitos \u00e0s toler\u00e2ncias admitidas em norma, conforme a pr\u00f3pria especifica\u00e7\u00e3o do produto.<\/p>\n\n\n\n<p class=\"wp-block-paragraph\">A escolha entre as vers\u00f5es, portanto, deve partir da tens\u00e3o prevista para o circuito e das demais condi\u00e7\u00f5es do projeto.<\/p>\n\n\n\n<figure class=\"wp-block-image size-large\"><img loading=\"lazy\" decoding=\"async\" width=\"1024\" height=\"576\" src=\"https:\/\/www.forestieri.com.br\/blog\/wp-content\/uploads\/2026\/08\/image-22-1024x576.png\" alt=\"Compara\u00e7\u00e3o entre cabo PP 3x6 500V e cabo PP 3x6 0,6\/1kV.\" class=\"wp-image-1799\" style=\"aspect-ratio:1.7774294670846396\" title=\"\" srcset=\"https:\/\/www.forestieri.com.br\/blog\/wp-content\/uploads\/2026\/08\/image-22-1024x576.png 1024w, https:\/\/www.forestieri.com.br\/blog\/wp-content\/uploads\/2026\/08\/image-22-300x169.png 300w, https:\/\/www.forestieri.com.br\/blog\/wp-content\/uploads\/2026\/08\/image-22-768x432.png 768w, https:\/\/www.forestieri.com.br\/blog\/wp-content\/uploads\/2026\/08\/image-22.png 1200w\" sizes=\"auto, (max-width: 1024px) 100vw, 1024px\" \/><figcaption class=\"wp-element-caption\"><em>A principal diferen\u00e7a entre cabo PP 3&#215;6 500V e 0,6\/1kV \u00e9 o isolamento.<\/em><\/figcaption><\/figure>\n\n\n\n<h2 class=\"wp-block-heading\">Quais problemas podem surgir com um cabo subdimensionado?<\/h2>\n\n\n\n<p class=\"wp-block-paragraph\">Um cabo subdimensionado pode sofrer sobrecarga e aquecimento excessivo. A eleva\u00e7\u00e3o da temperatura pode degradar a isola\u00e7\u00e3o e aumentar riscos de falhas el\u00e9tricas.<\/p>\n\n\n\n<p class=\"wp-block-paragraph\">Entre os efeitos associados ao dimensionamento inadequado est\u00e3o:<\/p>\n\n\n\n<ul class=\"wp-block-list\">\n<li><strong>Superaquecimento:<\/strong> a corrente acima da capacidade do cabo eleva sua temperatura de opera\u00e7\u00e3o.<\/li>\n\n\n\n<li><strong>Queda de tens\u00e3o:<\/strong> a resist\u00eancia do condutor pode provocar redu\u00e7\u00e3o da tens\u00e3o dispon\u00edvel no equipamento.<\/li>\n\n\n\n<li><strong>Danos \u00e0 isola\u00e7\u00e3o:<\/strong> o excesso de temperatura pode comprometer o material isolante.<\/li>\n\n\n\n<li><strong>Curto-circuito:<\/strong> a deteriora\u00e7\u00e3o da isola\u00e7\u00e3o pode criar condi\u00e7\u00f5es para falhas el\u00e9tricas.<\/li>\n\n\n\n<li><strong>Interrup\u00e7\u00f5es na opera\u00e7\u00e3o:<\/strong> problemas el\u00e9tricos podem afetar o funcionamento de m\u00e1quinas e sistemas.<\/li>\n<\/ul>\n\n\n\n<p class=\"wp-block-paragraph\">O dimensionamento correto busca justamente evitar esse conjunto de problemas sem recorrer automaticamente a uma se\u00e7\u00e3o maior do que a necess\u00e1ria.<\/p>\n\n\n\n<h2 class=\"wp-block-heading\">Um cabo superdimensionado \u00e9 sempre uma escolha mais segura?<\/h2>\n\n\n\n<p class=\"wp-block-paragraph\">N\u00e3o necessariamente. Um cabo com se\u00e7\u00e3o maior pode aumentar o custo e gerar desperd\u00edcio de material, al\u00e9m de dificultar a instala\u00e7\u00e3o.<\/p>\n\n\n\n<p class=\"wp-block-paragraph\">O objetivo do dimensionamento \u00e9 encontrar uma se\u00e7\u00e3o adequada \u00e0s condi\u00e7\u00f5es do circuito, equilibrando seguran\u00e7a, desempenho e economia.<\/p>\n\n\n\n<p class=\"wp-block-paragraph\">Isso significa que especificar um <strong>cabo PP 3x6mm<\/strong> ou optar por outra se\u00e7\u00e3o exige uma an\u00e1lise t\u00e9cnica. A escolha deve ser sustentada pelos par\u00e2metros do projeto, e n\u00e3o por uma regra gen\u00e9rica.<\/p>\n\n\n\n<h2 class=\"wp-block-heading\">Como avaliar se o cabo PP 3x6mm \u00e9 adequado ao equipamento?<\/h2>\n\n\n\n<p class=\"wp-block-paragraph\">O <strong>cabo PP 3x6mm<\/strong> deve ser avaliado a partir da corrente exigida pelo equipamento, do m\u00e9todo de instala\u00e7\u00e3o, da temperatura, do agrupamento, do comprimento e da tens\u00e3o de isolamento necess\u00e1ria.<\/p>\n\n\n\n<p class=\"wp-block-paragraph\">A constru\u00e7\u00e3o da Cabomaq oferece tr\u00eas condutores de cobre eletrol\u00edtico com 99,9% de pureza, classe 5 de encordoamento, isola\u00e7\u00e3o em PVC e classe t\u00e9rmica de 70\u00b0C.<\/p>\n\n\n\n<p class=\"wp-block-paragraph\">A especifica\u00e7\u00e3o tamb\u00e9m contempla vers\u00f5es de 500 V e 0,6\/1 kV, ampliando as possibilidades de aplica\u00e7\u00e3o dentro das condi\u00e7\u00f5es previstas pelo fabricante.<\/p>\n\n\n\n<p class=\"wp-block-paragraph\">Antes de fechar a especifica\u00e7\u00e3o, portanto, vale conferir estes pontos:<\/p>\n\n\n\n<ul class=\"wp-block-list\">\n<li><strong>Demanda de corrente:<\/strong> confirme a corrente que o circuito dever\u00e1 conduzir.<\/li>\n\n\n\n<li><strong>Condi\u00e7\u00e3o de instala\u00e7\u00e3o:<\/strong> verifique como o cabo ser\u00e1 disposto e se haver\u00e1 agrupamento.<\/li>\n\n\n\n<li><strong>Temperatura de opera\u00e7\u00e3o:<\/strong> avalie a temperatura ambiente e as condi\u00e7\u00f5es t\u00e9rmicas do local.<\/li>\n\n\n\n<li><strong>Comprimento do circuito:<\/strong> analise a influ\u00eancia da dist\u00e2ncia sobre a queda de tens\u00e3o.<\/li>\n\n\n\n<li><strong>Tens\u00e3o de isolamento:<\/strong> selecione a vers\u00e3o compat\u00edvel com a tens\u00e3o prevista no circuito.<\/li>\n<\/ul>\n\n\n\n<p class=\"wp-block-paragraph\">Essa avalia\u00e7\u00e3o transforma a escolha da bitola em uma decis\u00e3o t\u00e9cnica alinhada \u00e0s condi\u00e7\u00f5es reais de opera\u00e7\u00e3o.<\/p>\n\n\n\n<h2 class=\"wp-block-heading\">Por que o dimensionamento correto \u00e9 decisivo em equipamentos de pot\u00eancia?<\/h2>\n\n\n\n<p class=\"wp-block-paragraph\">Porque o cabo \u00e9 parte do sistema el\u00e9trico que alimenta o equipamento. Uma especifica\u00e7\u00e3o inadequada pode comprometer efici\u00eancia, seguran\u00e7a, continuidade operacional e custos de manuten\u00e7\u00e3o.<\/p>\n\n\n\n<p class=\"wp-block-paragraph\">Para o engenheiro respons\u00e1vel pelo projeto, isso significa avaliar a se\u00e7\u00e3o do condutor em um conjunto maior de vari\u00e1veis.<\/p>\n\n\n\n<p class=\"wp-block-paragraph\">O <strong>cabo PP 3x6mm<\/strong> pode atender determinadas aplica\u00e7\u00f5es, mas sua adequa\u00e7\u00e3o precisa ser demonstrada pelo dimensionamento do circuito.<\/p>\n\n\n\n<p class=\"wp-block-paragraph\">A Cabomaq disponibiliza diferentes configura\u00e7\u00f5es de cabos PP, incluindo vers\u00f5es de 500 V e 0,6\/1 kV, permitindo analisar a solu\u00e7\u00e3o conforme as caracter\u00edsticas do projeto.<\/p>\n\n\n\n<h2 class=\"wp-block-heading\">Conclus\u00e3o<\/h2>\n\n\n\n<p class=\"wp-block-paragraph\">Dimensionar o <strong>cabo PP 3x6mm<\/strong> exige mais do que verificar a pot\u00eancia do equipamento. Corrente, m\u00e9todo de instala\u00e7\u00e3o, temperatura, agrupamento, comprimento e tens\u00e3o de isolamento precisam entrar na an\u00e1lise.<\/p>\n\n\n\n<p class=\"wp-block-paragraph\">A se\u00e7\u00e3o de 6 mm\u00b2 pode ser adequada quando atende \u00e0s condi\u00e7\u00f5es el\u00e9tricas e t\u00e9rmicas do circuito. Quando esses crit\u00e9rios n\u00e3o s\u00e3o compat\u00edveis, o projeto precisa considerar outra configura\u00e7\u00e3o.<\/p>\n\n\n\n<p class=\"wp-block-paragraph\">Para avan\u00e7ar na especifica\u00e7\u00e3o, o pr\u00f3ximo passo \u00e9 comparar as caracter\u00edsticas construtivas e el\u00e9tricas dispon\u00edveis para cada aplica\u00e7\u00e3o. Conhecer as op\u00e7\u00f5es de <strong>cabo PP 3&#215;6<\/strong> e suas vers\u00f5es de tens\u00e3o ajuda a transformar o dimensionamento em uma decis\u00e3o mais precisa.<\/p>\n\n\n\n<h3 class=\"wp-block-heading\">Avalie a solu\u00e7\u00e3o mais adequada ao seu projeto<\/h3>\n\n\n\n<p class=\"wp-block-paragraph\">Depois de definir os crit\u00e9rios de dimensionamento, o pr\u00f3ximo passo \u00e9 avaliar qual constru\u00e7\u00e3o de cabo atende melhor \u00e0s condi\u00e7\u00f5es do equipamento e da instala\u00e7\u00e3o.<\/p>\n\n\n\n<p class=\"wp-block-paragraph\">A <strong>Cabomaq<\/strong> trabalha com <a href=\"https:\/\/www.forestieri.com.br\/produtos\/cabo-de-cobre\/cabo-pp-500v\">cabo PP de 500 V e 0,6\/1 kV<\/a>. Conhe\u00e7a as caracter\u00edsticas t\u00e9cnicas dispon\u00edveis e compare as alternativas para identificar a solu\u00e7\u00e3o mais compat\u00edvel com seu projeto.<\/p>\n","protected":false},"excerpt":{"rendered":"<p>O dimensionamento do cabo PP 3x6mm n\u00e3o deve partir apenas da pot\u00eancia do equipamento. \u00c9 preciso analisar corrente, m\u00e9todo de instala\u00e7\u00e3o, temperatura, agrupamento, comprimento do circuito e caracter\u00edsticas da isola\u00e7\u00e3o. Isso acontece porque a se\u00e7\u00e3o do condutor interfere diretamente na capacidade de condu\u00e7\u00e3o de corrente, no aquecimento, na queda de tens\u00e3o e na seguran\u00e7a da&#8230;<\/p>\n","protected":false},"author":2,"featured_media":1800,"comment_status":"open","ping_status":"open","sticky":false,"template":"","format":"standard","meta":{"_kad_post_transparent":"","_kad_post_title":"","_kad_post_layout":"","_kad_post_sidebar_id":"","_kad_post_content_style":"","_kad_post_vertical_padding":"","_kad_post_feature":"","_kad_post_feature_position":"","_kad_post_header":false,"_kad_post_footer":false,"footnotes":""},"categories":[82],"tags":[],"class_list":["post-1797","post","type-post","status-publish","format-standard","has-post-thumbnail","hentry","category-publicacoes"],"_links":{"self":[{"href":"https:\/\/www.forestieri.com.br\/blog\/wp-json\/wp\/v2\/posts\/1797","targetHints":{"allow":["GET"]}}],"collection":[{"href":"https:\/\/www.forestieri.com.br\/blog\/wp-json\/wp\/v2\/posts"}],"about":[{"href":"https:\/\/www.forestieri.com.br\/blog\/wp-json\/wp\/v2\/types\/post"}],"author":[{"embeddable":true,"href":"https:\/\/www.forestieri.com.br\/blog\/wp-json\/wp\/v2\/users\/2"}],"replies":[{"embeddable":true,"href":"https:\/\/www.forestieri.com.br\/blog\/wp-json\/wp\/v2\/comments?post=1797"}],"version-history":[{"count":1,"href":"https:\/\/www.forestieri.com.br\/blog\/wp-json\/wp\/v2\/posts\/1797\/revisions"}],"predecessor-version":[{"id":1801,"href":"https:\/\/www.forestieri.com.br\/blog\/wp-json\/wp\/v2\/posts\/1797\/revisions\/1801"}],"wp:featuredmedia":[{"embeddable":true,"href":"https:\/\/www.forestieri.com.br\/blog\/wp-json\/wp\/v2\/media\/1800"}],"wp:attachment":[{"href":"https:\/\/www.forestieri.com.br\/blog\/wp-json\/wp\/v2\/media?parent=1797"}],"wp:term":[{"taxonomy":"category","embeddable":true,"href":"https:\/\/www.forestieri.com.br\/blog\/wp-json\/wp\/v2\/categories?post=1797"},{"taxonomy":"post_tag","embeddable":true,"href":"https:\/\/www.forestieri.com.br\/blog\/wp-json\/wp\/v2\/tags?post=1797"}],"curies":[{"name":"wp","href":"https:\/\/api.w.org\/{rel}","templated":true}]}}