{"id":1812,"date":"2026-08-19T10:42:37","date_gmt":"2026-08-19T13:42:37","guid":{"rendered":"https:\/\/www.forestieri.com.br\/blog\/?p=1812"},"modified":"2026-08-26T10:46:15","modified_gmt":"2026-08-26T13:46:15","slug":"gestao-de-manutencao-como-a-durabilidade-dos-cabos-de-comando-e-controle-afeta-a-produtividade","status":"publish","type":"post","link":"https:\/\/www.forestieri.com.br\/blog\/gestao-de-manutencao-como-a-durabilidade-dos-cabos-de-comando-e-controle-afeta-a-produtividade\/","title":{"rendered":"Gest\u00e3o de manuten\u00e7\u00e3o: como a durabilidade dos cabos de comando e controle afeta a produtividade?"},"content":{"rendered":"\n<p class=\"wp-block-paragraph\">Em uma opera\u00e7\u00e3o industrial, uma falha em um cabo pode comprometer muito mais do que uma conex\u00e3o el\u00e9trica. Quando o componente participa de comandos, sinaliza\u00e7\u00e3o ou automa\u00e7\u00e3o, sua degrada\u00e7\u00e3o pode afetar diretamente o funcionamento do processo.<\/p>\n\n\n\n<p class=\"wp-block-paragraph\">Por isso, a durabilidade dos <strong>cabos de comando e controle<\/strong> deve fazer parte da estrat\u00e9gia de manuten\u00e7\u00e3o. Materiais adequados ajudam a preservar a integridade dos sinais e comandos, reduzindo riscos de falhas que podem interromper equipamentos e processos.<\/p>\n\n\n\n<p class=\"wp-block-paragraph\">A escolha do cabo precisa considerar a aplica\u00e7\u00e3o, as condi\u00e7\u00f5es do ambiente e as caracter\u00edsticas construtivas do produto. Entender esses pontos ajuda o gestor a tomar decis\u00f5es mais eficientes antes que um problema el\u00e9trico se transforme em uma parada n\u00e3o planejada.<\/p>\n\n\n\n<h2 class=\"wp-block-heading\">Por que os cabos de comando e controle impactam a produtividade?<\/h2>\n\n\n\n<p class=\"wp-block-paragraph\">Os <strong>cabos de comando e controle<\/strong> impactam a produtividade porque fazem parte da transmiss\u00e3o de comandos, sinais e informa\u00e7\u00f5es entre diferentes elementos da opera\u00e7\u00e3o.&nbsp;<\/p>\n\n\n\n<p class=\"wp-block-paragraph\">Eles podem interligar sensores, atuadores, pain\u00e9is de comando, m\u00e1quinas e sistemas de automa\u00e7\u00e3o.<\/p>\n\n\n\n<p class=\"wp-block-paragraph\">Uma falha nesses circuitos pode comprometer a execu\u00e7\u00e3o de comandos ou a transmiss\u00e3o adequada de sinais. Em processos industriais, isso pode afetar o controle e a continuidade da opera\u00e7\u00e3o.<\/p>\n\n\n\n<p class=\"wp-block-paragraph\">A diferen\u00e7a em rela\u00e7\u00e3o aos cabos destinados principalmente \u00e0 alimenta\u00e7\u00e3o de energia est\u00e1 justamente nessa fun\u00e7\u00e3o.&nbsp;<\/p>\n\n\n\n<p class=\"wp-block-paragraph\">Os <strong>cabos de comando<\/strong> e <strong>cabos de controle<\/strong> participam da comunica\u00e7\u00e3o e do controle dos equipamentos.<\/p>\n\n\n\n<p class=\"wp-block-paragraph\">Por isso, avaliar sua qualidade apenas pelo custo de aquisi\u00e7\u00e3o pode deixar de lado um fator relevante para a manuten\u00e7\u00e3o: a confiabilidade do componente ao longo da opera\u00e7\u00e3o.<\/p>\n\n\n\n<h3 class=\"wp-block-heading\">Onde esses cabos est\u00e3o presentes?<\/h3>\n\n\n\n<p class=\"wp-block-paragraph\">As aplica\u00e7\u00f5es s\u00e3o amplas e incluem diferentes pontos da infraestrutura el\u00e9trica e de automa\u00e7\u00e3o. Entre os usos indicados nas refer\u00eancias est\u00e3o:<\/p>\n\n\n\n<ul class=\"wp-block-list\">\n<li><strong>Circuitos de comando e controle:<\/strong> utilizados para transmitir comandos entre equipamentos e sistemas.<\/li>\n\n\n\n<li><strong>Sinaliza\u00e7\u00e3o de equipamentos el\u00e9tricos:<\/strong> empregados na comunica\u00e7\u00e3o de informa\u00e7\u00f5es relacionadas ao funcionamento dos equipamentos.<\/li>\n\n\n\n<li><strong>Liga\u00e7\u00e3o de m\u00e1quinas:<\/strong> utilizados em conex\u00f5es de m\u00e1quinas presentes nos processos industriais.<\/li>\n\n\n\n<li><strong>Pain\u00e9is e sistemas de automa\u00e7\u00e3o:<\/strong> aplicados em pain\u00e9is el\u00e9tricos, sistemas microprocessados e automa\u00e7\u00e3o industrial.<\/li>\n\n\n\n<li><strong>Botoeiras:<\/strong> utilizados em sistemas que dependem da transmiss\u00e3o de comandos.<\/li>\n<\/ul>\n\n\n\n<p class=\"wp-block-paragraph\">Essa variedade mostra por que a especifica\u00e7\u00e3o precisa acompanhar a fun\u00e7\u00e3o desempenhada pelo cabo. Um mesmo ambiente pode reunir aplica\u00e7\u00f5es diferentes e exigir constru\u00e7\u00f5es espec\u00edficas.<\/p>\n\n\n\n<h2 class=\"wp-block-heading\">O que determina a durabilidade dos cabos de comando e controle?<\/h2>\n\n\n\n<p class=\"wp-block-paragraph\">A durabilidade est\u00e1 relacionada \u00e0s caracter\u00edsticas construtivas do cabo e \u00e0 sua adequa\u00e7\u00e3o \u00e0s condi\u00e7\u00f5es da aplica\u00e7\u00e3o.&nbsp;<\/p>\n\n\n\n<p class=\"wp-block-paragraph\">Flexibilidade, resist\u00eancia \u00e0 umidade, abras\u00e3o, intemp\u00e9ries e determinados res\u00edduos qu\u00edmicos s\u00e3o caracter\u00edsticas presentes nos cabos de controle.<\/p>\n\n\n\n<p class=\"wp-block-paragraph\">A prote\u00e7\u00e3o da cobertura tamb\u00e9m tem papel importante. Nos cabos de comando, a capa em PVC ou composto emborrachado contribui para a prote\u00e7\u00e3o do conjunto, enquanto a caracter\u00edstica antichama ajuda a evitar a propaga\u00e7\u00e3o das chamas.<\/p>\n\n\n\n<p class=\"wp-block-paragraph\">Para o gestor de manuten\u00e7\u00e3o, essas caracter\u00edsticas precisam ser relacionadas ao ambiente em que o cabo ser\u00e1 instalado.&nbsp;<\/p>\n\n\n\n<p class=\"wp-block-paragraph\">Um componente submetido a condi\u00e7\u00f5es de umidade, movimenta\u00e7\u00e3o ou abras\u00e3o, por exemplo, precisa apresentar caracter\u00edsticas compat\u00edveis com esses fatores.<\/p>\n\n\n\n<h3 class=\"wp-block-heading\">Qualidade do condutor tamb\u00e9m entra nessa an\u00e1lise<\/h3>\n\n\n\n<p class=\"wp-block-paragraph\">A qualidade da mat\u00e9ria-prima faz parte da confiabilidade do produto, uma vez que \u00e9 submetida a padr\u00f5es de controle juntamente com os processos de fabrica\u00e7\u00e3o.<\/p>\n\n\n\n<p class=\"wp-block-paragraph\">Essa avalia\u00e7\u00e3o ganha import\u00e2ncia quando o cabo est\u00e1 integrado a sistemas de controle, sinaliza\u00e7\u00e3o ou automa\u00e7\u00e3o. Nesses casos, sua fun\u00e7\u00e3o est\u00e1 diretamente relacionada ao funcionamento de outros equipamentos.<\/p>\n\n\n\n<p class=\"wp-block-paragraph\">Por isso, a especifica\u00e7\u00e3o n\u00e3o deve considerar apenas a bitola. A constru\u00e7\u00e3o completa do cabo precisa ser compat\u00edvel com a fun\u00e7\u00e3o e as condi\u00e7\u00f5es de instala\u00e7\u00e3o.<\/p>\n\n\n\n<figure class=\"wp-block-image size-large\"><img loading=\"lazy\" decoding=\"async\" width=\"1024\" height=\"576\" src=\"https:\/\/www.forestieri.com.br\/blog\/wp-content\/uploads\/2026\/08\/image-30-1024x576.png\" alt=\"Cabos industriais de comando e controle instalados em ambiente fabril.\" class=\"wp-image-1813\" style=\"aspect-ratio:1.7774294670846396\" title=\"\" srcset=\"https:\/\/www.forestieri.com.br\/blog\/wp-content\/uploads\/2026\/08\/image-30-1024x576.png 1024w, https:\/\/www.forestieri.com.br\/blog\/wp-content\/uploads\/2026\/08\/image-30-300x169.png 300w, https:\/\/www.forestieri.com.br\/blog\/wp-content\/uploads\/2026\/08\/image-30-768x432.png 768w, https:\/\/www.forestieri.com.br\/blog\/wp-content\/uploads\/2026\/08\/image-30.png 1200w\" sizes=\"auto, (max-width: 1024px) 100vw, 1024px\" \/><figcaption class=\"wp-element-caption\"><em>A qualidade da mat\u00e9ria-prima \u00e9 t\u00e3o importante quanto os processos de fabrica\u00e7\u00e3o dos cabos de comando e controle.<\/em><\/figcaption><\/figure>\n\n\n\n<h2 class=\"wp-block-heading\">Como escolher os cabos de comando e controle pensando na manuten\u00e7\u00e3o?<\/h2>\n\n\n\n<p class=\"wp-block-paragraph\">A escolha deve come\u00e7ar pela aplica\u00e7\u00e3o e avan\u00e7ar para as caracter\u00edsticas necess\u00e1rias ao ambiente. O objetivo \u00e9 evitar que um cabo inadequado se torne um ponto de vulnerabilidade na instala\u00e7\u00e3o.<\/p>\n\n\n\n<p class=\"wp-block-paragraph\">Alguns crit\u00e9rios ajudam a direcionar essa an\u00e1lise:<\/p>\n\n\n\n<ul class=\"wp-block-list\">\n<li><strong>Tipo de aplica\u00e7\u00e3o:<\/strong> determine se o cabo ser\u00e1 utilizado em comando, controle, sinaliza\u00e7\u00e3o, liga\u00e7\u00e3o de m\u00e1quinas, pain\u00e9is ou automa\u00e7\u00e3o.<\/li>\n\n\n\n<li><strong>Condi\u00e7\u00f5es do ambiente:<\/strong> avalie a exposi\u00e7\u00e3o \u00e0 umidade, abras\u00e3o, intemp\u00e9ries e outros fatores presentes na instala\u00e7\u00e3o.<\/li>\n\n\n\n<li><strong>Necessidade de flexibilidade:<\/strong> verifique se a aplica\u00e7\u00e3o exige uma solu\u00e7\u00e3o adequada para instala\u00e7\u00f5es fixas ou m\u00f3veis.<\/li>\n\n\n\n<li><strong>Prote\u00e7\u00e3o contra interfer\u00eancias:<\/strong> em ambientes cr\u00edticos, considere solu\u00e7\u00f5es com blindagem quando houver necessidade de prote\u00e7\u00e3o contra ru\u00eddos e interfer\u00eancias eletromagn\u00e9ticas.<\/li>\n\n\n\n<li><strong>Conformidade t\u00e9cnica:<\/strong> priorize produtos fabricados conforme as normas aplic\u00e1veis \u00e0 constru\u00e7\u00e3o e \u00e0 utiliza\u00e7\u00e3o do cabo.<\/li>\n<\/ul>\n\n\n\n<p class=\"wp-block-paragraph\">Esses crit\u00e9rios ajudam a conectar a especifica\u00e7\u00e3o do componente com a realidade da opera\u00e7\u00e3o. Quanto mais clara for essa rela\u00e7\u00e3o, menor a chance de tratar uma falha de cabo apenas depois que ela afetar o processo.<\/p>\n\n\n\n<h2 class=\"wp-block-heading\">Por que a manuten\u00e7\u00e3o deve considerar a origem e a qualidade do cabo?<\/h2>\n\n\n\n<p class=\"wp-block-paragraph\">A proced\u00eancia do produto tamb\u00e9m merece aten\u00e7\u00e3o porque a qualidade do cabo come\u00e7a antes da instala\u00e7\u00e3o. A fabrica\u00e7\u00e3o envolve mat\u00e9ria-prima, processos produtivos e testes que influenciam as caracter\u00edsticas finais do componente.<\/p>\n\n\n\n<p class=\"wp-block-paragraph\">Para uma gest\u00e3o de manuten\u00e7\u00e3o preocupada com continuidade operacional, contar com um fornecedor que trabalha com padr\u00f5es definidos de fabrica\u00e7\u00e3o contribui para uma especifica\u00e7\u00e3o mais confi\u00e1vel.<\/p>\n\n\n\n<p class=\"wp-block-paragraph\">A <strong>Cabomaq<\/strong> atua h\u00e1 mais de 35 anos no segmento de cabos e fios el\u00e9tricos. A empresa informa que investe em equipamentos, tecnologias, mat\u00e9rias-primas e m\u00e3o de obra para manter seus processos produtivos nos padr\u00f5es estabelecidos.<\/p>\n\n\n\n<p class=\"wp-block-paragraph\">Al\u00e9m disso, a empresa possui linhas de <strong>cabos de comando e controle<\/strong> voltadas para aplica\u00e7\u00f5es como m\u00e1quinas, pain\u00e9is, sistemas microprocessados, automa\u00e7\u00e3o de subesta\u00e7\u00f5es, usinas geradoras e \u00e1reas industriais.<\/p>\n\n\n\n<p class=\"wp-block-paragraph\">Para o gestor, essa avalia\u00e7\u00e3o ajuda a deslocar a decis\u00e3o de compra de uma simples compara\u00e7\u00e3o de pre\u00e7o para uma an\u00e1lise mais ampla de confiabilidade e adequa\u00e7\u00e3o ao processo.<\/p>\n\n\n\n<h2 class=\"wp-block-heading\">Como a escolha correta ajuda a evitar paradas n\u00e3o planejadas?<\/h2>\n\n\n\n<p class=\"wp-block-paragraph\">A escolha adequada reduz a exposi\u00e7\u00e3o da opera\u00e7\u00e3o a problemas relacionados \u00e0 integridade do cabo e \u00e0 transmiss\u00e3o de comandos e sinais. Quando o componente \u00e9 compat\u00edvel com sua aplica\u00e7\u00e3o, ele passa a atender melhor \u00e0s condi\u00e7\u00f5es previstas para o sistema.<\/p>\n\n\n\n<p class=\"wp-block-paragraph\">Isso n\u00e3o elimina a necessidade de manuten\u00e7\u00e3o. Mas contribui para uma infraestrutura mais adequada desde a especifica\u00e7\u00e3o, evitando que caracter\u00edsticas incompat\u00edveis com o ambiente se transformem em pontos de falha.<\/p>\n\n\n\n<p class=\"wp-block-paragraph\">Para quem gerencia manuten\u00e7\u00e3o industrial ou opera\u00e7\u00f5es de minera\u00e7\u00e3o, esse cuidado faz parte de uma vis\u00e3o preventiva. A escolha do cabo deixa de ser apenas uma decis\u00e3o de compra e integra a estrat\u00e9gia de confiabilidade dos equipamentos.<\/p>\n\n\n\n<figure class=\"wp-block-image size-large\"><img loading=\"lazy\" decoding=\"async\" width=\"1024\" height=\"576\" src=\"https:\/\/www.forestieri.com.br\/blog\/wp-content\/uploads\/2026\/08\/image-31-1024x576.png\" alt=\"T\u00e9cnico de manuten\u00e7\u00e3o avaliando cabos de comando e controle em painel industrial.\" class=\"wp-image-1814\" style=\"aspect-ratio:1.7774294670846396\" title=\"\" srcset=\"https:\/\/www.forestieri.com.br\/blog\/wp-content\/uploads\/2026\/08\/image-31-1024x576.png 1024w, https:\/\/www.forestieri.com.br\/blog\/wp-content\/uploads\/2026\/08\/image-31-300x169.png 300w, https:\/\/www.forestieri.com.br\/blog\/wp-content\/uploads\/2026\/08\/image-31-768x432.png 768w, https:\/\/www.forestieri.com.br\/blog\/wp-content\/uploads\/2026\/08\/image-31.png 1200w\" sizes=\"auto, (max-width: 1024px) 100vw, 1024px\" \/><figcaption class=\"wp-element-caption\"> <em>A escolha adequada dos cabos de comando e controle contribui para uma infraestrutura eficiente e compat\u00edvel com as necessidades do ambiente.<\/em><\/figcaption><\/figure>\n\n\n\n<h2 class=\"wp-block-heading\">Conclus\u00e3o<\/h2>\n\n\n\n<p class=\"wp-block-paragraph\">A durabilidade dos <strong>cabos de comando e controle<\/strong> est\u00e1 diretamente ligada \u00e0 qualidade construtiva, \u00e0s caracter\u00edsticas do ambiente e \u00e0 adequa\u00e7\u00e3o do produto \u00e0 aplica\u00e7\u00e3o.<\/p>\n\n\n\n<p class=\"wp-block-paragraph\">Em sistemas industriais, esses componentes participam de comandos, sinaliza\u00e7\u00e3o, liga\u00e7\u00e3o de m\u00e1quinas e automa\u00e7\u00e3o. Por isso, uma especifica\u00e7\u00e3o inadequada pode criar riscos que v\u00e3o al\u00e9m do pr\u00f3prio cabo.<\/p>\n\n\n\n<p class=\"wp-block-paragraph\">Considerar aplica\u00e7\u00e3o, flexibilidade, resist\u00eancia, prote\u00e7\u00e3o e conformidade t\u00e9cnica ajuda a construir uma infraestrutura el\u00e9trica mais confi\u00e1vel.<\/p>\n\n\n\n<p class=\"wp-block-paragraph\">Aprenda mais sobre cabos para aplica\u00e7\u00f5es industriais, com os <a href=\"https:\/\/www.forestieri.com.br\/blog\">conte\u00fados t\u00e9cnicos<\/a> da <strong>Cabomaq<\/strong> e conhe\u00e7a as diferentes solu\u00e7\u00f5es dispon\u00edveis para comando e controle.<\/p>\n","protected":false},"excerpt":{"rendered":"<p>Em uma opera\u00e7\u00e3o industrial, uma falha em um cabo pode comprometer muito mais do que uma conex\u00e3o el\u00e9trica. Quando o componente participa de comandos, sinaliza\u00e7\u00e3o ou automa\u00e7\u00e3o, sua degrada\u00e7\u00e3o pode afetar diretamente o funcionamento do processo. Por isso, a durabilidade dos cabos de comando e controle deve fazer parte da estrat\u00e9gia de manuten\u00e7\u00e3o. Materiais adequados&#8230;<\/p>\n","protected":false},"author":2,"featured_media":1815,"comment_status":"open","ping_status":"open","sticky":false,"template":"","format":"standard","meta":{"_kad_post_transparent":"","_kad_post_title":"","_kad_post_layout":"","_kad_post_sidebar_id":"","_kad_post_content_style":"","_kad_post_vertical_padding":"","_kad_post_feature":"","_kad_post_feature_position":"","_kad_post_header":false,"_kad_post_footer":false,"footnotes":""},"categories":[82],"tags":[],"class_list":["post-1812","post","type-post","status-publish","format-standard","has-post-thumbnail","hentry","category-publicacoes"],"_links":{"self":[{"href":"https:\/\/www.forestieri.com.br\/blog\/wp-json\/wp\/v2\/posts\/1812","targetHints":{"allow":["GET"]}}],"collection":[{"href":"https:\/\/www.forestieri.com.br\/blog\/wp-json\/wp\/v2\/posts"}],"about":[{"href":"https:\/\/www.forestieri.com.br\/blog\/wp-json\/wp\/v2\/types\/post"}],"author":[{"embeddable":true,"href":"https:\/\/www.forestieri.com.br\/blog\/wp-json\/wp\/v2\/users\/2"}],"replies":[{"embeddable":true,"href":"https:\/\/www.forestieri.com.br\/blog\/wp-json\/wp\/v2\/comments?post=1812"}],"version-history":[{"count":1,"href":"https:\/\/www.forestieri.com.br\/blog\/wp-json\/wp\/v2\/posts\/1812\/revisions"}],"predecessor-version":[{"id":1816,"href":"https:\/\/www.forestieri.com.br\/blog\/wp-json\/wp\/v2\/posts\/1812\/revisions\/1816"}],"wp:featuredmedia":[{"embeddable":true,"href":"https:\/\/www.forestieri.com.br\/blog\/wp-json\/wp\/v2\/media\/1815"}],"wp:attachment":[{"href":"https:\/\/www.forestieri.com.br\/blog\/wp-json\/wp\/v2\/media?parent=1812"}],"wp:term":[{"taxonomy":"category","embeddable":true,"href":"https:\/\/www.forestieri.com.br\/blog\/wp-json\/wp\/v2\/categories?post=1812"},{"taxonomy":"post_tag","embeddable":true,"href":"https:\/\/www.forestieri.com.br\/blog\/wp-json\/wp\/v2\/tags?post=1812"}],"curies":[{"name":"wp","href":"https:\/\/api.w.org\/{rel}","templated":true}]}}