{"id":1817,"date":"2026-08-26T10:49:35","date_gmt":"2026-08-26T13:49:35","guid":{"rendered":"https:\/\/www.forestieri.com.br\/blog\/?p=1817"},"modified":"2026-08-26T10:49:37","modified_gmt":"2026-08-26T13:49:37","slug":"guia-pratico-onde-utilizar-o-cabo-flexivel-750v-com-seguranca-em-instalacoes-prediais","status":"publish","type":"post","link":"https:\/\/www.forestieri.com.br\/blog\/guia-pratico-onde-utilizar-o-cabo-flexivel-750v-com-seguranca-em-instalacoes-prediais\/","title":{"rendered":"Guia pr\u00e1tico: onde utilizar o cabo flex\u00edvel 750v com seguran\u00e7a em instala\u00e7\u00f5es prediais?"},"content":{"rendered":"\n<p class=\"wp-block-paragraph\">O <strong>cabo flex\u00edvel 750v<\/strong> \u00e9 indicado para instala\u00e7\u00f5es el\u00e9tricas que precisam de um condutor flex\u00edvel e compat\u00edvel com aplica\u00e7\u00f5es como eletrodutos, fia\u00e7\u00f5es de quadros e pain\u00e9is el\u00e9tricos. A escolha, por\u00e9m, precisa considerar as caracter\u00edsticas da instala\u00e7\u00e3o e as exig\u00eancias aplic\u00e1veis ao local.<\/p>\n\n\n\n<p class=\"wp-block-paragraph\">Em instala\u00e7\u00f5es prediais, essa escolha influencia tanto a facilidade de execu\u00e7\u00e3o quanto a seguran\u00e7a do sistema. Por isso, entender onde o <strong>cabo 750v<\/strong> pode ser utilizado ajuda instaladores e construtoras a especificar o produto de forma mais adequada.<\/p>\n\n\n\n<p class=\"wp-block-paragraph\">A seguir, voc\u00ea vai entender como esse cabo \u00e9 constru\u00eddo, onde ele pode ser aplicado e quais cuidados devem ser considerados antes da instala\u00e7\u00e3o.<\/p>\n\n\n\n<h2 class=\"wp-block-heading\">O que \u00e9 o cabo flex\u00edvel 750v e por que ele facilita a instala\u00e7\u00e3o?<\/h2>\n\n\n\n<p class=\"wp-block-paragraph\">O <strong>cabo flex\u00edvel 750v<\/strong> \u00e9 um condutor de energia formado por v\u00e1rios fios condutores e isolamento em PVC. Essa constru\u00e7\u00e3o permite que o cabo seja dobrado e movimentado com mais facilidade durante a instala\u00e7\u00e3o.<\/p>\n\n\n\n<p class=\"wp-block-paragraph\">A flexibilidade \u00e9 especialmente \u00fatil quando o percurso exige mudan\u00e7as de dire\u00e7\u00e3o ou passagem por eletrodutos. O cabo consegue acompanhar o trajeto com menor dificuldade de manuseio.<\/p>\n\n\n\n<h3 class=\"wp-block-heading\">Qual \u00e9 a diferen\u00e7a entre cabo flex\u00edvel e fio flex\u00edvel?<\/h3>\n\n\n\n<p class=\"wp-block-paragraph\"><a href=\"https:\/\/www.forestieri.com.br\/blog\/qual-a-diferenca-entre-cabo-flexivel-e-fio-flexivel\/\">A principal diferen\u00e7a est\u00e1 na constru\u00e7\u00e3o<\/a>. O cabo flex\u00edvel re\u00fane v\u00e1rios condutores isolados em um revestimento externo, enquanto o fio flex\u00edvel possui um \u00fanico condutor isolado.<\/p>\n\n\n\n<p class=\"wp-block-paragraph\">Essa caracter\u00edstica interfere diretamente na aplica\u00e7\u00e3o. Cabos flex\u00edveis s\u00e3o indicados para situa\u00e7\u00f5es que exigem movimento, flexibilidade e prote\u00e7\u00e3o mec\u00e2nica, enquanto fios flex\u00edveis atendem melhor conex\u00f5es e espa\u00e7os mais restritos.<\/p>\n\n\n\n<p class=\"wp-block-paragraph\">Para instala\u00e7\u00f5es prediais, essa distin\u00e7\u00e3o ajuda a evitar uma escolha baseada apenas no termo \u201cflex\u00edvel\u201d. \u00c9 preciso considerar como o condutor ser\u00e1 instalado e quais esfor\u00e7os ele dever\u00e1 suportar.<\/p>\n\n\n\n<h3 class=\"wp-block-heading\">Onde a flexibilidade faz diferen\u00e7a?<\/h3>\n\n\n\n<p class=\"wp-block-paragraph\">A facilidade de movimenta\u00e7\u00e3o permite que o cabo passe por eletrodutos e acompanhe diferentes trajetos da instala\u00e7\u00e3o. Isso pode facilitar o trabalho durante a montagem e reduzir a dificuldade de posicionamento do condutor.<\/p>\n\n\n\n<p class=\"wp-block-paragraph\">O <strong>cabo flex\u00edvel 750v<\/strong> tamb\u00e9m apresenta bom deslizamento durante a instala\u00e7\u00e3o, caracter\u00edstica associada \u00e0 composi\u00e7\u00e3o da isola\u00e7\u00e3o em PVC.<\/p>\n\n\n\n<p class=\"wp-block-paragraph\">Por isso, a flexibilidade n\u00e3o \u00e9 apenas uma caracter\u00edstica construtiva. Ela tem impacto direto na execu\u00e7\u00e3o da instala\u00e7\u00e3o e no manuseio do material.<\/p>\n\n\n\n<h2 class=\"wp-block-heading\">Onde utilizar o cabo flex\u00edvel 750v em instala\u00e7\u00f5es prediais?<\/h2>\n\n\n\n<p class=\"wp-block-paragraph\">O <strong>cabo flex\u00edvel 750v<\/strong> pode ser utilizado em instala\u00e7\u00f5es residenciais e em diferentes aplica\u00e7\u00f5es el\u00e9tricas, incluindo fia\u00e7\u00f5es de quadros, pain\u00e9is el\u00e9tricos e instala\u00e7\u00f5es em eletrodutos.<\/p>\n\n\n\n<p class=\"wp-block-paragraph\">A aplica\u00e7\u00e3o precisa, entretanto, estar conforme as caracter\u00edsticas do produto e com os requisitos da instala\u00e7\u00e3o. \u00c9 indicado que o cabo seja utilizado nos locais adequados \u00e0 sua finalidade.<\/p>\n\n\n\n<h3 class=\"wp-block-heading\">Aplica\u00e7\u00f5es em eletrodutos<\/h3>\n\n\n\n<p class=\"wp-block-paragraph\">Em instala\u00e7\u00f5es prediais, a passagem por eletrodutos \u00e9 uma das situa\u00e7\u00f5es em que a flexibilidade do cabo se torna especialmente \u00fatil.<\/p>\n\n\n\n<p class=\"wp-block-paragraph\">O produto pode deslizar com facilidade durante a enfia\u00e7\u00e3o, inclusive em percursos com curvas. Isso contribui para tornar a execu\u00e7\u00e3o mais simples e reduzir o esfor\u00e7o necess\u00e1rio para posicionar o condutor.<\/p>\n\n\n\n<h3 class=\"wp-block-heading\">Fia\u00e7\u00f5es de quadros e pain\u00e9is el\u00e9tricos<\/h3>\n\n\n\n<p class=\"wp-block-paragraph\">O <strong>cabo 750v<\/strong> tamb\u00e9m \u00e9 indicado para fia\u00e7\u00f5es de quadros e pain\u00e9is el\u00e9tricos. Nesses casos, a flexibilidade facilita o direcionamento dos condutores e sua organiza\u00e7\u00e3o na instala\u00e7\u00e3o.<\/p>\n\n\n\n<p class=\"wp-block-paragraph\">Um projeto pode exigir diferentes caminhos para os condutores. Ter um cabo com maior facilidade de flex\u00e3o ajuda a acompanhar esses trajetos sem exigir a mesma rigidez encontrada em um condutor r\u00edgido.<\/p>\n\n\n\n<h3 class=\"wp-block-heading\">E em equipamentos com movimenta\u00e7\u00e3o?<\/h3>\n\n\n\n<p class=\"wp-block-paragraph\">O cabo flex\u00edvel pode ser utilizado em m\u00e1quinas e equipamentos que apresentem movimenta\u00e7\u00e3o limitada ou vibra\u00e7\u00e3o. Por\u00e9m, isso n\u00e3o significa que qualquer aplica\u00e7\u00e3o m\u00f3vel seja adequada para esse produto.<\/p>\n\n\n\n<p class=\"wp-block-paragraph\">Para equipamentos submetidos a movimento constante, como ferramentas el\u00e9tricas port\u00e1teis ou pontes rolantes, o ideal \u00e9 usar cabos desenvolvidos especificamente para esse tipo de solicita\u00e7\u00e3o, como os cabos PP.<\/p>\n\n\n\n<p class=\"wp-block-paragraph\">Essa diferen\u00e7a \u00e9 importante porque a palavra \u201cflex\u00edvel\u201d n\u00e3o determina sozinha a aplica\u00e7\u00e3o. O n\u00edvel de movimenta\u00e7\u00e3o e os esfor\u00e7os mec\u00e2nicos envolvidos tamb\u00e9m precisam ser considerados.<\/p>\n\n\n\n<figure class=\"wp-block-image size-large\"><img loading=\"lazy\" decoding=\"async\" width=\"1024\" height=\"576\" src=\"https:\/\/www.forestieri.com.br\/blog\/wp-content\/uploads\/2026\/08\/image-33-1024x576.png\" alt=\" Profissional instalando cabos el\u00e9tricos flex\u00edveis em eletrodutos.\" class=\"wp-image-1818\" style=\"aspect-ratio:1.7774294670846396\" title=\"\" srcset=\"https:\/\/www.forestieri.com.br\/blog\/wp-content\/uploads\/2026\/08\/image-33-1024x576.png 1024w, https:\/\/www.forestieri.com.br\/blog\/wp-content\/uploads\/2026\/08\/image-33-300x169.png 300w, https:\/\/www.forestieri.com.br\/blog\/wp-content\/uploads\/2026\/08\/image-33-768x432.png 768w, https:\/\/www.forestieri.com.br\/blog\/wp-content\/uploads\/2026\/08\/image-33.png 1200w\" sizes=\"auto, (max-width: 1024px) 100vw, 1024px\" \/><figcaption class=\"wp-element-caption\"><em>O cabo flex\u00edvel 750v pode ser instalado desde quadros el\u00e9tricos a equipamentos de movimenta\u00e7\u00e3o.<\/em><\/figcaption><\/figure>\n\n\n\n<h2 class=\"wp-block-heading\">Como escolher o cabo flex\u00edvel 750v para uma instala\u00e7\u00e3o segura?<\/h2>\n\n\n\n<p class=\"wp-block-paragraph\">A escolha deve considerar a aplica\u00e7\u00e3o, a tens\u00e3o necess\u00e1ria e as condi\u00e7\u00f5es em que o cabo ser\u00e1 instalado. A bitola, isola\u00e7\u00e3o e caracter\u00edsticas construtivas precisam ser compat\u00edveis com o projeto.<\/p>\n\n\n\n<p class=\"wp-block-paragraph\">O <strong>cabo flex\u00edvel 750v<\/strong> possui isola\u00e7\u00e3o que contribui para a prote\u00e7\u00e3o el\u00e9trica e apresenta caracter\u00edsticas de n\u00e3o propaga\u00e7\u00e3o e autoextin\u00e7\u00e3o de fogo, conforme as informa\u00e7\u00f5es associadas \u00e0 aplica\u00e7\u00e3o segundo a NBR 5410.<\/p>\n\n\n\n<p class=\"wp-block-paragraph\">Antes de especificar o produto, alguns pontos merecem aten\u00e7\u00e3o:<\/p>\n\n\n\n<ul class=\"wp-block-list\">\n<li><strong>Aplica\u00e7\u00e3o prevista:<\/strong> o cabo deve ser destinado ao tipo de instala\u00e7\u00e3o e \u00e0s condi\u00e7\u00f5es de uso previstas no projeto.<\/li>\n\n\n\n<li><strong>Tens\u00e3o necess\u00e1ria:<\/strong> a classe de tens\u00e3o do condutor precisa ser compat\u00edvel com a instala\u00e7\u00e3o em que ser\u00e1 utilizado.<\/li>\n\n\n\n<li><strong>Condi\u00e7\u00f5es de instala\u00e7\u00e3o:<\/strong> o percurso, a flexibilidade necess\u00e1ria e a forma de instala\u00e7\u00e3o influenciam a escolha do cabo.<\/li>\n\n\n\n<li><strong>Qualidade do produto:<\/strong> a proced\u00eancia e a qualidade do cabo s\u00e3o relevantes para preservar a seguran\u00e7a e o desempenho da instala\u00e7\u00e3o.<\/li>\n<\/ul>\n\n\n\n<p class=\"wp-block-paragraph\">Esses crit\u00e9rios mostram por que escolher um <strong>cabo 750v<\/strong> apenas pela disponibilidade ou pelo pre\u00e7o pode ser insuficiente. A especifica\u00e7\u00e3o precisa partir das caracter\u00edsticas reais da instala\u00e7\u00e3o.<\/p>\n\n\n\n<h2 class=\"wp-block-heading\">Por que o dimensionamento continua sendo importante?<\/h2>\n\n\n\n<p class=\"wp-block-paragraph\">A classe de tens\u00e3o n\u00e3o \u00e9 o \u00fanico fator que define se um cabo \u00e9 adequado. A escolha tamb\u00e9m precisa considerar a intensidade da corrente el\u00e9trica e as caracter\u00edsticas espec\u00edficas do projeto.<\/p>\n\n\n\n<p class=\"wp-block-paragraph\">\u00c9 importante refor\u00e7ar que para o <strong>cabo flex\u00edvel 750v<\/strong> \u00e9 necess\u00e1rio analisar o destino do produto antes da instala\u00e7\u00e3o. Um t\u00e9cnico pode avaliar se o cabo atende \u00e0s exig\u00eancias da aplica\u00e7\u00e3o.<\/p>\n\n\n\n<p class=\"wp-block-paragraph\">Esse cuidado evita tratar a tens\u00e3o nominal como \u00fanico crit\u00e9rio de escolha. Em uma instala\u00e7\u00e3o predial, o condutor precisa estar adequado ao conjunto de condi\u00e7\u00f5es previstas para aquele circuito.<\/p>\n\n\n\n<p class=\"wp-block-paragraph\">Tamb\u00e9m \u00e9 importante preservar o cabo antes e durante a instala\u00e7\u00e3o. O armazenamento e o manuseio inadequados podem comprometer a integridade da isola\u00e7\u00e3o.&nbsp;<\/p>\n\n\n\n<p class=\"wp-block-paragraph\">\u00c9 recomendado manter os cabos protegidos da luz solar direta, em local seco, e evitar arrast\u00e1-los sobre superf\u00edcies abrasivas ou pontiagudas.<\/p>\n\n\n\n<figure class=\"wp-block-image size-large\"><img loading=\"lazy\" decoding=\"async\" width=\"1024\" height=\"576\" src=\"https:\/\/www.forestieri.com.br\/blog\/wp-content\/uploads\/2026\/08\/image-34-1024x576.png\" alt=\"Quadro el\u00e9trico predial com cabos flex\u00edveis organizados.\" class=\"wp-image-1819\" style=\"aspect-ratio:1.7774294670846396\" title=\"\" srcset=\"https:\/\/www.forestieri.com.br\/blog\/wp-content\/uploads\/2026\/08\/image-34-1024x576.png 1024w, https:\/\/www.forestieri.com.br\/blog\/wp-content\/uploads\/2026\/08\/image-34-300x169.png 300w, https:\/\/www.forestieri.com.br\/blog\/wp-content\/uploads\/2026\/08\/image-34-768x432.png 768w, https:\/\/www.forestieri.com.br\/blog\/wp-content\/uploads\/2026\/08\/image-34.png 1200w\" sizes=\"auto, (max-width: 1024px) 100vw, 1024px\" \/><figcaption class=\"wp-element-caption\"><em>O dimensionamento correto do cabo flex\u00edvel 750v deve envolver intensidade da corrente el\u00e9trica e caracter\u00edsticas do projeto.<\/em><\/figcaption><\/figure>\n\n\n\n<h2 class=\"wp-block-heading\">O cabo flex\u00edvel 750v \u00e9 uma boa escolha para instala\u00e7\u00f5es prediais?<\/h2>\n\n\n\n<p class=\"wp-block-paragraph\">Sim, desde que a aplica\u00e7\u00e3o seja compat\u00edvel com suas caracter\u00edsticas.&nbsp;<\/p>\n\n\n\n<p class=\"wp-block-paragraph\">A flexibilidade, a facilidade de passagem por eletrodutos e a possibilidade de utiliza\u00e7\u00e3o em fia\u00e7\u00f5es de quadros e pain\u00e9is tornam o produto uma alternativa para diferentes instala\u00e7\u00f5es prediais.<\/p>\n\n\n\n<p class=\"wp-block-paragraph\">O ponto central \u00e9 n\u00e3o escolher o cabo apenas pela indica\u00e7\u00e3o de 750 V. A seguran\u00e7a depende da compatibilidade entre o produto, a instala\u00e7\u00e3o e as condi\u00e7\u00f5es previstas para seu uso.<\/p>\n\n\n\n<p class=\"wp-block-paragraph\">Para instaladores e construtoras, compreender essas diferen\u00e7as ajuda a especificar os <strong>cabos el\u00e9tricos flex\u00edveis<\/strong> com mais seguran\u00e7a e evita decis\u00f5es baseadas somente na bitola ou na tens\u00e3o nominal.<\/p>\n\n\n\n<h3 class=\"wp-block-heading\">Saiba mais sobre cabos para instala\u00e7\u00f5es el\u00e9tricas<\/h3>\n\n\n\n<p class=\"wp-block-paragraph\">A especifica\u00e7\u00e3o correta come\u00e7a pelo entendimento das caracter\u00edsticas de cada constru\u00e7\u00e3o e de suas aplica\u00e7\u00f5es. Conhecer essas diferen\u00e7as ajuda a avaliar melhor as op\u00e7\u00f5es dispon\u00edveis para cada projeto.<\/p>\n\n\n\n<p class=\"wp-block-paragraph\"><a href=\"https:\/\/www.forestieri.com.br\/blog\">Confira outros conte\u00fados<\/a> da <strong>Cabomaq<\/strong> sobre cabos el\u00e9tricos, aplica\u00e7\u00f5es e caracter\u00edsticas t\u00e9cnicas para aprofundar seus conhecimentos antes da escolha do produto.<\/p>\n","protected":false},"excerpt":{"rendered":"<p>O cabo flex\u00edvel 750v \u00e9 indicado para instala\u00e7\u00f5es el\u00e9tricas que precisam de um condutor flex\u00edvel e compat\u00edvel com aplica\u00e7\u00f5es como eletrodutos, fia\u00e7\u00f5es de quadros e pain\u00e9is el\u00e9tricos. A escolha, por\u00e9m, precisa considerar as caracter\u00edsticas da instala\u00e7\u00e3o e as exig\u00eancias aplic\u00e1veis ao local. Em instala\u00e7\u00f5es prediais, essa escolha influencia tanto a facilidade de execu\u00e7\u00e3o quanto a&#8230;<\/p>\n","protected":false},"author":2,"featured_media":1820,"comment_status":"open","ping_status":"open","sticky":false,"template":"","format":"standard","meta":{"_kad_post_transparent":"","_kad_post_title":"","_kad_post_layout":"","_kad_post_sidebar_id":"","_kad_post_content_style":"","_kad_post_vertical_padding":"","_kad_post_feature":"","_kad_post_feature_position":"","_kad_post_header":false,"_kad_post_footer":false,"footnotes":""},"categories":[82],"tags":[],"class_list":["post-1817","post","type-post","status-publish","format-standard","has-post-thumbnail","hentry","category-publicacoes"],"_links":{"self":[{"href":"https:\/\/www.forestieri.com.br\/blog\/wp-json\/wp\/v2\/posts\/1817","targetHints":{"allow":["GET"]}}],"collection":[{"href":"https:\/\/www.forestieri.com.br\/blog\/wp-json\/wp\/v2\/posts"}],"about":[{"href":"https:\/\/www.forestieri.com.br\/blog\/wp-json\/wp\/v2\/types\/post"}],"author":[{"embeddable":true,"href":"https:\/\/www.forestieri.com.br\/blog\/wp-json\/wp\/v2\/users\/2"}],"replies":[{"embeddable":true,"href":"https:\/\/www.forestieri.com.br\/blog\/wp-json\/wp\/v2\/comments?post=1817"}],"version-history":[{"count":1,"href":"https:\/\/www.forestieri.com.br\/blog\/wp-json\/wp\/v2\/posts\/1817\/revisions"}],"predecessor-version":[{"id":1821,"href":"https:\/\/www.forestieri.com.br\/blog\/wp-json\/wp\/v2\/posts\/1817\/revisions\/1821"}],"wp:featuredmedia":[{"embeddable":true,"href":"https:\/\/www.forestieri.com.br\/blog\/wp-json\/wp\/v2\/media\/1820"}],"wp:attachment":[{"href":"https:\/\/www.forestieri.com.br\/blog\/wp-json\/wp\/v2\/media?parent=1817"}],"wp:term":[{"taxonomy":"category","embeddable":true,"href":"https:\/\/www.forestieri.com.br\/blog\/wp-json\/wp\/v2\/categories?post=1817"},{"taxonomy":"post_tag","embeddable":true,"href":"https:\/\/www.forestieri.com.br\/blog\/wp-json\/wp\/v2\/tags?post=1817"}],"curies":[{"name":"wp","href":"https:\/\/api.w.org\/{rel}","templated":true}]}}