{"id":1822,"date":"2026-08-07T10:49:46","date_gmt":"2026-08-07T13:49:46","guid":{"rendered":"https:\/\/www.forestieri.com.br\/blog\/?p=1822"},"modified":"2026-08-26T10:53:09","modified_gmt":"2026-08-26T13:53:09","slug":"instalacoes-prediais-e-comerciais-onde-utilizar-o-cabo-pp-4x4mm-com-seguranca","status":"publish","type":"post","link":"https:\/\/www.forestieri.com.br\/blog\/instalacoes-prediais-e-comerciais-onde-utilizar-o-cabo-pp-4x4mm-com-seguranca\/","title":{"rendered":"Instala\u00e7\u00f5es prediais e comerciais: onde utilizar o cabo PP 4x4mm com seguran\u00e7a?"},"content":{"rendered":"\n<p class=\"wp-block-paragraph\">O <strong>cabo PP 4x4mm<\/strong> pode ser utilizado em diferentes conex\u00f5es el\u00e9tricas, inclusive em equipamentos e instala\u00e7\u00f5es comerciais que exigem flexibilidade e prote\u00e7\u00e3o mec\u00e2nica. Por\u00e9m, sua aplica\u00e7\u00e3o segura depende do projeto e das condi\u00e7\u00f5es de instala\u00e7\u00e3o.<\/p>\n\n\n\n<p class=\"wp-block-paragraph\">A bitola de 4 mm\u00b2 indica a se\u00e7\u00e3o de cada condutor. J\u00e1 o termo PP est\u00e1 relacionado \u00e0 constru\u00e7\u00e3o do cabo, que possui duas camadas de PVC e dois ou mais condutores reunidos sob uma cobertura externa.<\/p>\n\n\n\n<p class=\"wp-block-paragraph\">Por isso, encontrar \u201c4&#215;4\u201d na especifica\u00e7\u00e3o n\u00e3o \u00e9 suficiente para definir onde o cabo pode ser instalado. \u00c9 necess\u00e1rio verificar a tens\u00e3o, corrente, ambiente, m\u00e9todo de instala\u00e7\u00e3o e caracter\u00edsticas da carga.<\/p>\n\n\n\n<h2 class=\"wp-block-heading\">O que \u00e9 o cabo PP 4x4mm?<\/h2>\n\n\n\n<p class=\"wp-block-paragraph\">O <strong>cabo PP 4x4mm<\/strong> \u00e9 um cabo multipolar com quatro condutores de se\u00e7\u00e3o nominal de 4 mm\u00b2, reunidos sob uma cobertura externa de PVC.<\/p>\n\n\n\n<p class=\"wp-block-paragraph\">A constru\u00e7\u00e3o PP proporciona uma camada adicional de prote\u00e7\u00e3o em rela\u00e7\u00e3o aos condutores isolados individualmente. A flexibilidade tamb\u00e9m facilita o encaminhamento do cabo em determinadas instala\u00e7\u00f5es e conex\u00f5es de equipamentos.<\/p>\n\n\n\n<p class=\"wp-block-paragraph\">Essa combina\u00e7\u00e3o torna o cabo interessante para aplica\u00e7\u00f5es que precisam de v\u00e1rios condutores em um \u00fanico conjunto, evitando a utiliza\u00e7\u00e3o de cabos separados para cada conex\u00e3o.<\/p>\n\n\n\n<p class=\"wp-block-paragraph\">Um exemplo \u00e9 a liga\u00e7\u00e3o de determinados equipamentos que exigem m\u00faltiplos condutores para alimenta\u00e7\u00e3o ou comando. A configura\u00e7\u00e3o exata, por\u00e9m, deve ser definida pelo projeto el\u00e9trico.<\/p>\n\n\n\n<h2 class=\"wp-block-heading\">Onde utilizar o cabo PP 4x4mm em instala\u00e7\u00f5es comerciais?<\/h2>\n\n\n\n<p class=\"wp-block-paragraph\">O <strong>cabo PP 4x4mm<\/strong> pode ser empregado em conex\u00f5es de equipamentos e m\u00e1quinas quando suas caracter\u00edsticas el\u00e9tricas e construtivas s\u00e3o compat\u00edveis com a aplica\u00e7\u00e3o.<\/p>\n\n\n\n<p class=\"wp-block-paragraph\">Em ambientes comerciais, isso pode incluir equipamentos el\u00e9tricos, m\u00e1quinas, sistemas auxiliares e outras cargas que demandem um cabo multipolar flex\u00edvel.<\/p>\n\n\n\n<p class=\"wp-block-paragraph\">A aplica\u00e7\u00e3o tamb\u00e9m pode ocorrer em ambientes industriais, onde cabos PP s\u00e3o utilizados em circuitos de comando e na liga\u00e7\u00e3o de m\u00e1quinas.<\/p>\n\n\n\n<p class=\"wp-block-paragraph\">Para instala\u00e7\u00f5es prediais e comerciais, algumas situa\u00e7\u00f5es merecem aten\u00e7\u00e3o:<\/p>\n\n\n\n<ul class=\"wp-block-list\">\n<li><strong>Conex\u00e3o de equipamentos:<\/strong> pode ser utilizado em equipamentos que precisam de m\u00faltiplos condutores reunidos em um \u00fanico cabo.<\/li>\n\n\n\n<li><strong>M\u00e1quinas e sistemas auxiliares:<\/strong> a flexibilidade pode facilitar o encaminhamento em determinadas conex\u00f5es el\u00e9tricas.<\/li>\n\n\n\n<li><strong>Circuitos espec\u00edficos de instala\u00e7\u00f5es comerciais:<\/strong> pode atender aplica\u00e7\u00f5es previstas no projeto, desde que tens\u00e3o, corrente e m\u00e9todo de instala\u00e7\u00e3o sejam compat\u00edveis.<\/li>\n<\/ul>\n\n\n\n<p class=\"wp-block-paragraph\">A lista mostra que a aplica\u00e7\u00e3o do cabo est\u00e1 ligada principalmente \u00e0 fun\u00e7\u00e3o que ele exercer\u00e1 no sistema. N\u00e3o basta definir a utiliza\u00e7\u00e3o apenas pela se\u00e7\u00e3o de 4 mm\u00b2.<\/p>\n\n\n\n<figure class=\"wp-block-image size-large\"><img loading=\"lazy\" decoding=\"async\" width=\"1024\" height=\"575\" src=\"https:\/\/www.forestieri.com.br\/blog\/wp-content\/uploads\/2026\/08\/image-36-1024x575.png\" alt=\"Cabo PP 4x4mm conectado a equipamento em ambiente comercial.\" class=\"wp-image-1823\" style=\"aspect-ratio:1.7774294670846396\" title=\"\" srcset=\"https:\/\/www.forestieri.com.br\/blog\/wp-content\/uploads\/2026\/08\/image-36-1024x575.png 1024w, https:\/\/www.forestieri.com.br\/blog\/wp-content\/uploads\/2026\/08\/image-36-300x169.png 300w, https:\/\/www.forestieri.com.br\/blog\/wp-content\/uploads\/2026\/08\/image-36-767x431.png 767w, https:\/\/www.forestieri.com.br\/blog\/wp-content\/uploads\/2026\/08\/image-36-1536x863.png 1536w, https:\/\/www.forestieri.com.br\/blog\/wp-content\/uploads\/2026\/08\/image-36.png 1680w\" sizes=\"auto, (max-width: 1024px) 100vw, 1024px\" \/><figcaption class=\"wp-element-caption\"><em>O cabo PP 4x4mm \u00e9 muito utilizado em equipamentos, quando aplicado em instala\u00e7\u00f5es comerciais.<\/em><\/figcaption><\/figure>\n\n\n\n<h2 class=\"wp-block-heading\">O cabo PP 4x4mm pode ser utilizado em qualquer instala\u00e7\u00e3o el\u00e9trica?<\/h2>\n\n\n\n<p class=\"wp-block-paragraph\">N\u00e3o. A se\u00e7\u00e3o de 4 mm\u00b2 n\u00e3o determina, sozinha, a capacidade de utiliza\u00e7\u00e3o do cabo.<\/p>\n\n\n\n<p class=\"wp-block-paragraph\">O dimensionamento precisa considerar fatores como corrente do circuito, temperatura, comprimento, m\u00e9todo de instala\u00e7\u00e3o, agrupamento de condutores e caracter\u00edsticas da carga.<\/p>\n\n\n\n<p class=\"wp-block-paragraph\">Em instala\u00e7\u00f5es comerciais com grande circula\u00e7\u00e3o de pessoas, tamb\u00e9m \u00e9 necess\u00e1rio observar requisitos espec\u00edficos aplic\u00e1veis ao local.&nbsp;<\/p>\n\n\n\n<p class=\"wp-block-paragraph\">A NBR 13570, por exemplo, <a href=\"https:\/\/www.forestieri.com.br\/blog\/entenda-a-norma-nbr-13570-para-instalacoes-eletricas\/\">estabelece crit\u00e9rios para instala\u00e7\u00f5es el\u00e9tricas<\/a> em locais de aflu\u00eancia de p\u00fablico e considera aspectos como dimensionamento, prote\u00e7\u00e3o e seguran\u00e7a.<\/p>\n\n\n\n<p class=\"wp-block-paragraph\">Isso evita um erro comum: escolher o cabo apenas porque sua bitola parece adequada para a corrente desejada.<\/p>\n\n\n\n<h3 class=\"wp-block-heading\">O que precisa ser analisado antes da instala\u00e7\u00e3o?<\/h3>\n\n\n\n<p class=\"wp-block-paragraph\">Alguns crit\u00e9rios ajudam a verificar se o cabo realmente atende ao projeto:<\/p>\n\n\n\n<ul class=\"wp-block-list\">\n<li><strong>Corrente do circuito:<\/strong> determine a corrente prevista para a carga e compare com a capacidade admiss\u00edvel nas condi\u00e7\u00f5es reais de instala\u00e7\u00e3o.<\/li>\n\n\n\n<li><strong>M\u00e9todo de instala\u00e7\u00e3o:<\/strong> verifique como o cabo ser\u00e1 instalado, pois a forma de disposi\u00e7\u00e3o influencia as condi\u00e7\u00f5es t\u00e9rmicas.<\/li>\n\n\n\n<li><strong>Comprimento do circuito:<\/strong> avalie a dist\u00e2ncia para verificar poss\u00edveis efeitos de queda de tens\u00e3o.<\/li>\n\n\n\n<li><strong>Ambiente:<\/strong> considere temperatura, umidade, exposi\u00e7\u00e3o a agentes externos e esfor\u00e7os mec\u00e2nicos.<\/li>\n\n\n\n<li><strong>Tens\u00e3o nominal:<\/strong> confirme a tens\u00e3o para a qual o modelo espec\u00edfico foi projetado.<\/li>\n<\/ul>\n\n\n\n<p class=\"wp-block-paragraph\">Essa an\u00e1lise \u00e9 fundamental porque dois cabos com a mesma se\u00e7\u00e3o podem ter aplica\u00e7\u00f5es diferentes conforme sua constru\u00e7\u00e3o e tens\u00e3o nominal.<\/p>\n\n\n\n<h2 class=\"wp-block-heading\">O que significa cabo PP 4x4mm 1kV?<\/h2>\n\n\n\n<p class=\"wp-block-paragraph\">A express\u00e3o <strong>cabo PP 4x4mm 1kV<\/strong> indica uma busca por um cabo com quatro condutores de 4 mm\u00b2 e tens\u00e3o nominal de 1 kV. Mas a indica\u00e7\u00e3o de 1 kV precisa estar presente na especifica\u00e7\u00e3o do modelo.<\/p>\n\n\n\n<p class=\"wp-block-paragraph\">N\u00e3o se deve assumir que todo cabo PP 4x4mm possui isolamento para 1kV apenas por ter essa se\u00e7\u00e3o.<\/p>\n\n\n\n<p class=\"wp-block-paragraph\">Existem cabos PP comercializados em diferentes configura\u00e7\u00f5es e tens\u00f5es. A <a href=\"https:\/\/www.forestieri.com.br\/cabo-eletrico-pp\">linha PP<\/a> da <strong>Cabomaq<\/strong>, por exemplo, apresenta o cabo PP 500 V, enquanto a empresa tamb\u00e9m possui outras fam\u00edlias de cabos flex\u00edveis com tens\u00e3o de 0,6\/1 kV.<\/p>\n\n\n\n<p class=\"wp-block-paragraph\">Por isso, quando o projeto exige 1 kV, a especifica\u00e7\u00e3o deve confirmar essa caracter\u00edstica no cabo escolhido.<\/p>\n\n\n\n<h2 class=\"wp-block-heading\">Qual \u00e9 a diferen\u00e7a entre cabo PP 4&#215;4 e cabo PP 4x4mm?<\/h2>\n\n\n\n<p class=\"wp-block-paragraph\">Na pr\u00e1tica, <strong>cabo PP 4&#215;4<\/strong> e <strong>cabo PP 4x4mm<\/strong> costumam ser formas abreviadas de pesquisar ou identificar a mesma configura\u00e7\u00e3o: quatro condutores com se\u00e7\u00e3o nominal de 4 mm\u00b2.<\/p>\n\n\n\n<p class=\"wp-block-paragraph\">A nomenclatura, por\u00e9m, pode variar entre fornecedores. Por isso, o mais seguro \u00e9 conferir a ficha t\u00e9cnica e a descri\u00e7\u00e3o completa do produto antes da compra.<\/p>\n\n\n\n<p class=\"wp-block-paragraph\">Tamb\u00e9m \u00e9 importante n\u00e3o confundir \u201c4&#215;4\u201d com \u201c4 mm\u201d. O primeiro indica a quantidade de condutores e a se\u00e7\u00e3o de cada um, enquanto \u201c4 mm\u00b2\u201d se refere apenas \u00e0 se\u00e7\u00e3o nominal do condutor.<\/p>\n\n\n\n<p class=\"wp-block-paragraph\">Essa diferen\u00e7a parece pequena, mas evita erros na interpreta\u00e7\u00e3o de especifica\u00e7\u00f5es durante o levantamento de materiais.<\/p>\n\n\n\n<h2 class=\"wp-block-heading\">Como escolher o cabo PP 4x4mm para uma obra comercial?<\/h2>\n\n\n\n<p class=\"wp-block-paragraph\">A escolha deve partir da necessidade el\u00e9trica do equipamento e das condi\u00e7\u00f5es previstas no projeto.<\/p>\n\n\n\n<p class=\"wp-block-paragraph\">Para o instalador, isso significa verificar mais do que a bitola. O cabo precisa ser compat\u00edvel com a tens\u00e3o, corrente, ambiente e forma de instala\u00e7\u00e3o.<\/p>\n\n\n\n<p class=\"wp-block-paragraph\">Uma especifica\u00e7\u00e3o adequada considera principalmente:<\/p>\n\n\n\n<figure class=\"wp-block-table\"><table class=\"has-fixed-layout\"><tbody><tr><td><strong>Crit\u00e9rio<\/strong><\/td><td><strong>O que verificar<\/strong><\/td><\/tr><tr><td>Se\u00e7\u00e3o<\/td><td>Se os 4 mm\u00b2 atendem ao dimensionamento do circuito.<\/td><\/tr><tr><td>N\u00famero de vias<\/td><td>Se os quatro condutores correspondem \u00e0 necessidade da conex\u00e3o.<\/td><\/tr><tr><td>Tens\u00e3o nominal<\/td><td>Se a tens\u00e3o do cabo \u00e9 compat\u00edvel com o circuito.<\/td><\/tr><tr><td>Instala\u00e7\u00e3o<\/td><td>Como o cabo ser\u00e1 disposto e quais condi\u00e7\u00f5es t\u00e9rmicas estar\u00e3o presentes.<\/td><\/tr><tr><td>Ambiente<\/td><td>Temperatura, umidade, exposi\u00e7\u00e3o e esfor\u00e7os mec\u00e2nicos.<\/td><\/tr><tr><td>Aplica\u00e7\u00e3o<\/td><td>Equipamento, m\u00e1quina ou circuito no qual o cabo ser\u00e1 utilizado.<\/td><\/tr><\/tbody><\/table><\/figure>\n\n\n\n<p class=\"wp-block-paragraph\">Essa verifica\u00e7\u00e3o reduz o risco de substituir uma especifica\u00e7\u00e3o t\u00e9cnica por uma escolha baseada apenas na nomenclatura comercial.<\/p>\n\n\n\n<figure class=\"wp-block-image size-large\"><img loading=\"lazy\" decoding=\"async\" width=\"1024\" height=\"575\" src=\"https:\/\/www.forestieri.com.br\/blog\/wp-content\/uploads\/2026\/08\/image-37-1024x575.png\" alt=\"Eletricista avaliando a especifica\u00e7\u00e3o de cabo el\u00e9trico para obra comercial.\" class=\"wp-image-1824\" style=\"aspect-ratio:1.7774294670846396\" title=\"\" srcset=\"https:\/\/www.forestieri.com.br\/blog\/wp-content\/uploads\/2026\/08\/image-37-1024x575.png 1024w, https:\/\/www.forestieri.com.br\/blog\/wp-content\/uploads\/2026\/08\/image-37-300x169.png 300w, https:\/\/www.forestieri.com.br\/blog\/wp-content\/uploads\/2026\/08\/image-37-767x431.png 767w, https:\/\/www.forestieri.com.br\/blog\/wp-content\/uploads\/2026\/08\/image-37-1536x863.png 1536w, https:\/\/www.forestieri.com.br\/blog\/wp-content\/uploads\/2026\/08\/image-37.png 1680w\" sizes=\"auto, (max-width: 1024px) 100vw, 1024px\" \/><figcaption class=\"wp-element-caption\"><em>\u00c9 necess\u00e1rio avaliar as condi\u00e7\u00f5es do projeto e as necessidades el\u00e9tricas do equipamento que ser\u00e1 instalado para escolher o cabo PP adequado.<\/em><\/figcaption><\/figure>\n\n\n\n<h2 class=\"wp-block-heading\">Quais cuidados garantem uma instala\u00e7\u00e3o mais segura?<\/h2>\n\n\n\n<p class=\"wp-block-paragraph\">A seguran\u00e7a depende tanto da escolha correta do cabo quanto da execu\u00e7\u00e3o adequada da instala\u00e7\u00e3o.<\/p>\n\n\n\n<p class=\"wp-block-paragraph\">Em obras comerciais, o projeto deve considerar as caracter\u00edsticas do local, as cargas previstas e os dispositivos de prote\u00e7\u00e3o correspondentes. Normas aplic\u00e1veis ao tipo de instala\u00e7\u00e3o tamb\u00e9m precisam ser observadas.<\/p>\n\n\n\n<p class=\"wp-block-paragraph\">Entre os principais cuidados est\u00e3o:<\/p>\n\n\n\n<ul class=\"wp-block-list\">\n<li><strong>Dimensionamento correto:<\/strong> n\u00e3o escolha a se\u00e7\u00e3o apenas pela corrente nominal da carga sem considerar as condi\u00e7\u00f5es de instala\u00e7\u00e3o.<\/li>\n\n\n\n<li><strong>Compatibilidade do cabo:<\/strong> confirme tens\u00e3o, constru\u00e7\u00e3o, n\u00famero de vias e demais caracter\u00edsticas antes da aplica\u00e7\u00e3o.<\/li>\n\n\n\n<li><strong>Prote\u00e7\u00e3o adequada:<\/strong> utilize os dispositivos de prote\u00e7\u00e3o previstos no projeto para o circuito.<\/li>\n\n\n\n<li><strong>Execu\u00e7\u00e3o profissional:<\/strong> respeite o m\u00e9todo de instala\u00e7\u00e3o e as orienta\u00e7\u00f5es t\u00e9cnicas aplic\u00e1veis ao local.<\/li>\n<\/ul>\n\n\n\n<p class=\"wp-block-paragraph\">Um cabo bem especificado n\u00e3o corrige sozinho um circuito mal dimensionado. A seguran\u00e7a depende do conjunto formado por condutores, prote\u00e7\u00e3o, instala\u00e7\u00e3o e carga.<\/p>\n\n\n\n<h2 class=\"wp-block-heading\">O cabo PP 4x4mm \u00e9 uma boa op\u00e7\u00e3o para obras comerciais?<\/h2>\n\n\n\n<p class=\"wp-block-paragraph\">Pode ser, desde que suas caracter\u00edsticas sejam compat\u00edveis com o circuito e com o ambiente de instala\u00e7\u00e3o.<\/p>\n\n\n\n<p class=\"wp-block-paragraph\">Sua configura\u00e7\u00e3o com quatro condutores de 4 mm\u00b2 e cobertura externa proporciona uma solu\u00e7\u00e3o pr\u00e1tica para determinadas conex\u00f5es el\u00e9tricas. A flexibilidade tamb\u00e9m pode facilitar o manuseio e a instala\u00e7\u00e3o em situa\u00e7\u00f5es compat\u00edveis com sua constru\u00e7\u00e3o.<\/p>\n\n\n\n<p class=\"wp-block-paragraph\">Para o instalador, o ponto principal \u00e9 n\u00e3o tratar o <strong>cabo PP 4x4mm<\/strong> como uma escolha universal. A aplica\u00e7\u00e3o correta come\u00e7a pelo projeto e termina na especifica\u00e7\u00e3o do modelo adequado.<\/p>\n\n\n\n<p class=\"wp-block-paragraph\">Se voc\u00ea trabalha com instala\u00e7\u00f5es prediais, comerciais ou industriais<a href=\"https:\/\/www.forestieri.com.br\/blog\">, continue acompanhando os conte\u00fados t\u00e9cnicos<\/a> da <strong>Cabomaq<\/strong> para entender melhor as caracter\u00edsticas dos diferentes tipos de cabos e como escolher cada solu\u00e7\u00e3o para sua aplica\u00e7\u00e3o.<\/p>\n","protected":false},"excerpt":{"rendered":"<p>O cabo PP 4x4mm pode ser utilizado em diferentes conex\u00f5es el\u00e9tricas, inclusive em equipamentos e instala\u00e7\u00f5es comerciais que exigem flexibilidade e prote\u00e7\u00e3o mec\u00e2nica. Por\u00e9m, sua aplica\u00e7\u00e3o segura depende do projeto e das condi\u00e7\u00f5es de instala\u00e7\u00e3o. A bitola de 4 mm\u00b2 indica a se\u00e7\u00e3o de cada condutor. J\u00e1 o termo PP est\u00e1 relacionado \u00e0 constru\u00e7\u00e3o do&#8230;<\/p>\n","protected":false},"author":2,"featured_media":1825,"comment_status":"open","ping_status":"open","sticky":false,"template":"","format":"standard","meta":{"_kad_post_transparent":"","_kad_post_title":"","_kad_post_layout":"","_kad_post_sidebar_id":"","_kad_post_content_style":"","_kad_post_vertical_padding":"","_kad_post_feature":"","_kad_post_feature_position":"","_kad_post_header":false,"_kad_post_footer":false,"footnotes":""},"categories":[82],"tags":[],"class_list":["post-1822","post","type-post","status-publish","format-standard","has-post-thumbnail","hentry","category-publicacoes"],"_links":{"self":[{"href":"https:\/\/www.forestieri.com.br\/blog\/wp-json\/wp\/v2\/posts\/1822","targetHints":{"allow":["GET"]}}],"collection":[{"href":"https:\/\/www.forestieri.com.br\/blog\/wp-json\/wp\/v2\/posts"}],"about":[{"href":"https:\/\/www.forestieri.com.br\/blog\/wp-json\/wp\/v2\/types\/post"}],"author":[{"embeddable":true,"href":"https:\/\/www.forestieri.com.br\/blog\/wp-json\/wp\/v2\/users\/2"}],"replies":[{"embeddable":true,"href":"https:\/\/www.forestieri.com.br\/blog\/wp-json\/wp\/v2\/comments?post=1822"}],"version-history":[{"count":1,"href":"https:\/\/www.forestieri.com.br\/blog\/wp-json\/wp\/v2\/posts\/1822\/revisions"}],"predecessor-version":[{"id":1826,"href":"https:\/\/www.forestieri.com.br\/blog\/wp-json\/wp\/v2\/posts\/1822\/revisions\/1826"}],"wp:featuredmedia":[{"embeddable":true,"href":"https:\/\/www.forestieri.com.br\/blog\/wp-json\/wp\/v2\/media\/1825"}],"wp:attachment":[{"href":"https:\/\/www.forestieri.com.br\/blog\/wp-json\/wp\/v2\/media?parent=1822"}],"wp:term":[{"taxonomy":"category","embeddable":true,"href":"https:\/\/www.forestieri.com.br\/blog\/wp-json\/wp\/v2\/categories?post=1822"},{"taxonomy":"post_tag","embeddable":true,"href":"https:\/\/www.forestieri.com.br\/blog\/wp-json\/wp\/v2\/tags?post=1822"}],"curies":[{"name":"wp","href":"https:\/\/api.w.org\/{rel}","templated":true}]}}