{"id":1868,"date":"2026-09-04T11:21:46","date_gmt":"2026-09-04T14:21:46","guid":{"rendered":"https:\/\/www.forestieri.com.br\/blog\/?p=1868"},"modified":"2026-08-26T11:24:29","modified_gmt":"2026-08-26T14:24:29","slug":"seguranca-em-redes-aereas-como-funciona-o-cabo-protegido-15kv-contra-curtos-circuitos","status":"publish","type":"post","link":"https:\/\/www.forestieri.com.br\/blog\/seguranca-em-redes-aereas-como-funciona-o-cabo-protegido-15kv-contra-curtos-circuitos\/","title":{"rendered":"Seguran\u00e7a em redes a\u00e9reas: como funciona o cabo protegido 15kV contra curtos-circuitos?"},"content":{"rendered":"\n<p class=\"wp-block-paragraph\">O <strong>cabo protegido 15kV<\/strong> \u00e9 utilizado em redes a\u00e9reas de distribui\u00e7\u00e3o de m\u00e9dia tens\u00e3o, especialmente quando h\u00e1 necessidade de uma configura\u00e7\u00e3o mais compacta.&nbsp;<\/p>\n\n\n\n<p class=\"wp-block-paragraph\">Sua cobertura polim\u00e9rica cria uma prote\u00e7\u00e3o adicional contra contatos acidentais e condi\u00e7\u00f5es ambientais.<\/p>\n\n\n\n<p class=\"wp-block-paragraph\">Esse recurso ajuda a reduzir riscos de falhas provocadas por elementos externos, al\u00e9m de oferecer resist\u00eancia \u00e0 radia\u00e7\u00e3o ultravioleta, abras\u00e3o, intemp\u00e9ries e trilhamento el\u00e9trico.<\/p>\n\n\n\n<p class=\"wp-block-paragraph\">Mas como essa prote\u00e7\u00e3o funciona diante de um poss\u00edvel curto-circuito? E qual \u00e9 a fun\u00e7\u00e3o do chamado <strong>cabo anti tracking<\/strong>? A resposta come\u00e7a pela constru\u00e7\u00e3o do pr\u00f3prio condutor.<\/p>\n\n\n\n<h2 class=\"wp-block-heading\">Como funciona o cabo protegido 15kV contra curtos-circuitos?<\/h2>\n\n\n\n<p class=\"wp-block-paragraph\">O <strong>cabo protegido 15kV<\/strong> reduz o risco de falhas ao contar com uma cobertura polim\u00e9rica sobre o condutor de alum\u00ednio. Essa cobertura dificulta que contatos acidentais com elementos externos provoquem descargas.<\/p>\n\n\n\n<p class=\"wp-block-paragraph\">Em uma rede a\u00e9rea, galhos, objetos ou estruturas pr\u00f3ximas podem entrar em contato com os condutores. Dependendo da situa\u00e7\u00e3o, esse contato pode provocar uma falha el\u00e9trica.<\/p>\n\n\n\n<p class=\"wp-block-paragraph\">A cobertura do cabo protegido cria uma barreira adicional entre o condutor energizado e o ambiente externo.&nbsp;<\/p>\n\n\n\n<p class=\"wp-block-paragraph\">Ela ajuda a reduzir a possibilidade de contatos que poderiam resultar em curtos-circuitos ou desligamentos.<\/p>\n\n\n\n<h3 class=\"wp-block-heading\">A fun\u00e7\u00e3o da cobertura na prote\u00e7\u00e3o da rede<\/h3>\n\n\n\n<p class=\"wp-block-paragraph\">A cobertura n\u00e3o serve apenas para proteger mecanicamente o condutor. Ela tamb\u00e9m apresenta caracter\u00edsticas espec\u00edficas para suportar a exposi\u00e7\u00e3o cont\u00ednua ao ambiente externo.<\/p>\n\n\n\n<p class=\"wp-block-paragraph\">No produto da <strong>Cabomaq<\/strong>, essa cobertura \u00e9 fabricada em <strong>XLPE 90 \u00b0C<\/strong>, material que apresenta resist\u00eancia \u00e0s intemp\u00e9ries, \u00e0 radia\u00e7\u00e3o ultravioleta, \u00e0 abras\u00e3o mec\u00e2nica e ao trilhamento el\u00e9trico.<\/p>\n\n\n\n<p class=\"wp-block-paragraph\">Essa constru\u00e7\u00e3o \u00e9 especialmente relevante em redes a\u00e9reas, nas quais os cabos permanecem expostos \u00e0s condi\u00e7\u00f5es clim\u00e1ticas durante toda a sua vida \u00fatil.<\/p>\n\n\n\n<h3 class=\"wp-block-heading\">Por que ele n\u00e3o \u00e9 um cabo isolado?<\/h3>\n\n\n\n<p class=\"wp-block-paragraph\">Um ponto t\u00e9cnico importante \u00e9 diferenciar cabo protegido de cabo isolado.<\/p>\n\n\n\n<p class=\"wp-block-paragraph\">O condutor protegido possui uma cobertura que reduz os riscos associados ao contato com elementos externos. Por\u00e9m, ele n\u00e3o deve ser tratado como um condutor plenamente isolado para qualquer condi\u00e7\u00e3o de contato.<\/p>\n\n\n\n<p class=\"wp-block-paragraph\">Por isso, o projeto da rede precisa considerar a forma de instala\u00e7\u00e3o, os espa\u00e7amentos e os demais componentes utilizados no sistema de distribui\u00e7\u00e3o.<\/p>\n\n\n\n<figure class=\"wp-block-image size-large\"><img loading=\"lazy\" decoding=\"async\" width=\"1024\" height=\"576\" src=\"https:\/\/www.forestieri.com.br\/blog\/wp-content\/uploads\/2026\/08\/image-61-1024x576.png\" alt=\" Cabo protegido de m\u00e9dia tens\u00e3o instalado pr\u00f3ximo \u00e0 vegeta\u00e7\u00e3o\" class=\"wp-image-1870\" style=\"aspect-ratio:1.7774294670846396\" title=\"\" srcset=\"https:\/\/www.forestieri.com.br\/blog\/wp-content\/uploads\/2026\/08\/image-61-1024x576.png 1024w, https:\/\/www.forestieri.com.br\/blog\/wp-content\/uploads\/2026\/08\/image-61-300x169.png 300w, https:\/\/www.forestieri.com.br\/blog\/wp-content\/uploads\/2026\/08\/image-61-768x432.png 768w, https:\/\/www.forestieri.com.br\/blog\/wp-content\/uploads\/2026\/08\/image-61.png 1200w\" sizes=\"auto, (max-width: 1024px) 100vw, 1024px\" \/><figcaption class=\"wp-element-caption\"><em>A cobertura do cabo protegido ajuda a reduzir riscos associados a contatos ocasionais com elementos externos.<\/em><\/figcaption><\/figure>\n\n\n\n<h2 class=\"wp-block-heading\">Por que o cabo protegido 15kV \u00e9 utilizado em redes compactas?<\/h2>\n\n\n\n<p class=\"wp-block-paragraph\">O <strong>cabo protegido 15kV<\/strong> \u00e9 uma alternativa para redes a\u00e9reas de distribui\u00e7\u00e3o em m\u00e9dia tens\u00e3o que precisam de uma configura\u00e7\u00e3o mais compacta.<\/p>\n\n\n\n<p class=\"wp-block-paragraph\">A cobertura permite trabalhar com uma <a href=\"https:\/\/www.forestieri.com.br\/blog\/cabos-protegidos-a-importancia-da-seguranca-e-durabilidade-em-conexoes-eletricas\/\">disposi\u00e7\u00e3o espec\u00edfica dos condutores<\/a>, reduzindo os riscos associados \u00e0 proximidade entre fases e elementos externos.<\/p>\n\n\n\n<p class=\"wp-block-paragraph\">Essa caracter\u00edstica \u00e9 \u00fatil em \u00e1reas urbanas e locais onde a faixa dispon\u00edvel para implanta\u00e7\u00e3o da rede \u00e9 limitada. Tamb\u00e9m pode contribuir para adequar a distribui\u00e7\u00e3o de energia \u00e0s condi\u00e7\u00f5es do espa\u00e7o dispon\u00edvel.<\/p>\n\n\n\n<p class=\"wp-block-paragraph\">O produto da Cabomaq \u00e9 especificado para tens\u00f5es de at\u00e9 15 kV entre fases e utiliza condutor de alum\u00ednio 1350 com encordoamento classe 2.<\/p>\n\n\n\n<h2 class=\"wp-block-heading\">O que significa cabo anti tracking?<\/h2>\n\n\n\n<p class=\"wp-block-paragraph\"><strong>Cabo anti tracking<\/strong> \u00e9 aquele cuja cobertura apresenta resist\u00eancia ao trilhamento el\u00e9trico, fen\u00f4meno relacionado \u00e0 forma\u00e7\u00e3o de caminhos condutivos na superf\u00edcie de materiais polim\u00e9ricos.<\/p>\n\n\n\n<p class=\"wp-block-paragraph\">Esse fen\u00f4meno pode ser favorecido pela combina\u00e7\u00e3o de umidade, contaminantes e tens\u00e3o el\u00e9trica. Com o tempo, essas condi\u00e7\u00f5es podem comprometer a superf\u00edcie da cobertura.<\/p>\n\n\n\n<h3 class=\"wp-block-heading\">Como ocorre o trilhamento el\u00e9trico?<\/h3>\n\n\n\n<p class=\"wp-block-paragraph\">Em redes a\u00e9reas, a cobertura fica exposta \u00e0 chuva, umidade, polui\u00e7\u00e3o e radia\u00e7\u00e3o solar. Quando contaminantes se acumulam sobre a superf\u00edcie molhada, podem surgir condi\u00e7\u00f5es favor\u00e1veis \u00e0 circula\u00e7\u00e3o de pequenas correntes.<\/p>\n\n\n\n<p class=\"wp-block-paragraph\">A repeti\u00e7\u00e3o desse processo pode degradar o material e formar caminhos condutivos. A resist\u00eancia ao tracking ajuda a limitar esse tipo de deteriora\u00e7\u00e3o.<\/p>\n\n\n\n<p class=\"wp-block-paragraph\">Por isso, a caracter\u00edstica anti tracking tem rela\u00e7\u00e3o direta com a durabilidade da cobertura em ambientes externos.<\/p>\n\n\n\n<h3 class=\"wp-block-heading\">Qual \u00e9 a fun\u00e7\u00e3o do XLPE na cobertura?<\/h3>\n\n\n\n<p class=\"wp-block-paragraph\">O XLPE utilizado na cobertura do cabo protegido combina resist\u00eancia el\u00e9trica e mec\u00e2nica com caracter\u00edsticas adequadas \u00e0 exposi\u00e7\u00e3o ambiental.<\/p>\n\n\n\n<p class=\"wp-block-paragraph\">No <strong>cabo de alum\u00ednio protegido 15kV<\/strong>, a cobertura em XLPE 90 \u00b0C contribui para a resist\u00eancia \u00e0s intemp\u00e9ries, \u00e0 radia\u00e7\u00e3o ultravioleta, \u00e0 abras\u00e3o e ao trilhamento el\u00e9trico.<\/p>\n\n\n\n<p class=\"wp-block-paragraph\">Essa prote\u00e7\u00e3o mant\u00e9m o condutor mais adequado \u00e0s condi\u00e7\u00f5es t\u00edpicas de redes a\u00e9reas, nas quais a exposi\u00e7\u00e3o ambiental \u00e9 permanente.<\/p>\n\n\n\n<figure class=\"wp-block-image size-large\"><img loading=\"lazy\" decoding=\"async\" width=\"1024\" height=\"576\" src=\"https:\/\/www.forestieri.com.br\/blog\/wp-content\/uploads\/2026\/08\/image-60-1024x576.png\" alt=\"Estrutura de cabo anti tracking para rede de m\u00e9dia tens\u00e3o\" class=\"wp-image-1869\" style=\"aspect-ratio:1.7774294670846396\" title=\"\" srcset=\"https:\/\/www.forestieri.com.br\/blog\/wp-content\/uploads\/2026\/08\/image-60-1024x576.png 1024w, https:\/\/www.forestieri.com.br\/blog\/wp-content\/uploads\/2026\/08\/image-60-300x169.png 300w, https:\/\/www.forestieri.com.br\/blog\/wp-content\/uploads\/2026\/08\/image-60-768x432.png 768w, https:\/\/www.forestieri.com.br\/blog\/wp-content\/uploads\/2026\/08\/image-60.png 1200w\" sizes=\"auto, (max-width: 1024px) 100vw, 1024px\" \/><figcaption class=\"wp-element-caption\"><em>A cobertura em XLPE oferece resist\u00eancia \u00e0s intemp\u00e9ries, \u00e0 radia\u00e7\u00e3o UV, \u00e0 abras\u00e3o e ao trilhamento el\u00e9trico.<\/em><\/figcaption><\/figure>\n\n\n\n<h2 class=\"wp-block-heading\">Quais caracter\u00edsticas t\u00e9cnicas devem ser consideradas no cabo protegido 15kV?<\/h2>\n\n\n\n<p class=\"wp-block-paragraph\">A especifica\u00e7\u00e3o do <strong>cabo protegido 15kV<\/strong> deve considerar a se\u00e7\u00e3o do condutor, sua constru\u00e7\u00e3o e as caracter\u00edsticas da cobertura. A tens\u00e3o nominal \u00e9 apenas um dos par\u00e2metros envolvidos.<\/p>\n\n\n\n<p class=\"wp-block-paragraph\">Para projetos de m\u00e9dia tens\u00e3o, \u00e9 necess\u00e1rio verificar se a configura\u00e7\u00e3o do cabo atende \u00e0s condi\u00e7\u00f5es el\u00e9tricas e mec\u00e2nicas previstas para a rede.<\/p>\n\n\n\n<h3 class=\"wp-block-heading\">Condutor de alum\u00ednio e se\u00e7\u00e3o nominal<\/h3>\n\n\n\n<p class=\"wp-block-paragraph\">O produto utiliza <strong>alum\u00ednio 1350<\/strong> com encordoamento classe 2. As se\u00e7\u00f5es dispon\u00edveis s\u00e3o de 35, 50, 70, 95, 120, 150, 185 e 240 mm\u00b2.<\/p>\n\n\n\n<p class=\"wp-block-paragraph\">A se\u00e7\u00e3o adequada depende dos requisitos el\u00e9tricos e mec\u00e2nicos do projeto. Por isso, n\u00e3o \u00e9 recomend\u00e1vel selecionar o cabo somente com base na tens\u00e3o de opera\u00e7\u00e3o.<\/p>\n\n\n\n<h3 class=\"wp-block-heading\">Cobertura e resist\u00eancia \u00e0s condi\u00e7\u00f5es ambientais<\/h3>\n\n\n\n<p class=\"wp-block-paragraph\">A cobertura em XLPE 90 \u00b0C \u00e9 um dos principais diferenciais construtivos do cabo protegido.<\/p>\n\n\n\n<p class=\"wp-block-paragraph\">Entre as caracter\u00edsticas que precisam ser consideradas est\u00e3o:<\/p>\n\n\n\n<ul class=\"wp-block-list\">\n<li><strong>Resist\u00eancia \u00e0s intemp\u00e9ries:<\/strong> contribui para o desempenho do cabo durante a exposi\u00e7\u00e3o ao ambiente externo.<\/li>\n\n\n\n<li><strong>Resist\u00eancia \u00e0 radia\u00e7\u00e3o ultravioleta:<\/strong> ajuda a preservar a cobertura durante a exposi\u00e7\u00e3o cont\u00ednua \u00e0 luz solar.<\/li>\n\n\n\n<li><strong>Resist\u00eancia \u00e0 abras\u00e3o mec\u00e2nica:<\/strong> protege a superf\u00edcie contra desgastes associados \u00e0s condi\u00e7\u00f5es de instala\u00e7\u00e3o e opera\u00e7\u00e3o.<\/li>\n\n\n\n<li><strong>Resist\u00eancia ao trilhamento el\u00e9trico:<\/strong> reduz a suscetibilidade da cobertura \u00e0 forma\u00e7\u00e3o de caminhos condutivos.<\/li>\n<\/ul>\n\n\n\n<p class=\"wp-block-paragraph\">Essas caracter\u00edsticas trabalham em conjunto para oferecer uma cobertura adequada \u00e0s exig\u00eancias de uma rede a\u00e9rea de m\u00e9dia tens\u00e3o.<\/p>\n\n\n\n<h2 class=\"wp-block-heading\">Qual norma se aplica ao cabo protegido 15kV?<\/h2>\n\n\n\n<p class=\"wp-block-paragraph\">O <strong>cabo protegido 15kV<\/strong> segue a NBR 11873, norma aplic\u00e1vel a cabos cobertos com material polim\u00e9rico para redes de distribui\u00e7\u00e3o a\u00e9rea de energia el\u00e9trica fixados em espa\u00e7adores.<\/p>\n\n\n\n<p class=\"wp-block-paragraph\">A norma contempla cabos utilizados como condutores-fase em redes com tens\u00f5es de 13,8 kV a 34,5 kV.<\/p>\n\n\n\n<p class=\"wp-block-paragraph\">Para projetistas, considerar a norma aplic\u00e1vel ajuda a verificar se a constru\u00e7\u00e3o do cabo est\u00e1 alinhada aos requisitos t\u00e9cnicos da instala\u00e7\u00e3o.<\/p>\n\n\n\n<p class=\"wp-block-paragraph\">Tamb\u00e9m \u00e9 importante diferenciar a tens\u00e3o do sistema da especifica\u00e7\u00e3o do cabo. O projeto precisa considerar todos os par\u00e2metros el\u00e9tricos e as condi\u00e7\u00f5es de instala\u00e7\u00e3o antes da defini\u00e7\u00e3o do condutor.<\/p>\n\n\n\n<h2 class=\"wp-block-heading\">Quando o cabo protegido 15kV \u00e9 uma alternativa interessante?<\/h2>\n\n\n\n<p class=\"wp-block-paragraph\">O <strong>cabo protegido 15kV<\/strong> pode ser uma alternativa para redes a\u00e9reas de distribui\u00e7\u00e3o em m\u00e9dia tens\u00e3o que precisam lidar com limita\u00e7\u00f5es de espa\u00e7o e exposi\u00e7\u00e3o \u00e0s condi\u00e7\u00f5es ambientais.<\/p>\n\n\n\n<p class=\"wp-block-paragraph\">Sua cobertura contribui para reduzir riscos associados ao contato ocasional com elementos externos e oferece resist\u00eancia ao trilhamento el\u00e9trico.<\/p>\n\n\n\n<p class=\"wp-block-paragraph\">Para projetos de loteadoras e concession\u00e1rias, essas caracter\u00edsticas podem ser relevantes na defini\u00e7\u00e3o de redes compactas em \u00e1reas urbanas.<\/p>\n\n\n\n<p class=\"wp-block-paragraph\">A sele\u00e7\u00e3o deve partir das condi\u00e7\u00f5es espec\u00edficas da rede. Se\u00e7\u00e3o do condutor, tens\u00e3o, esfor\u00e7os mec\u00e2nicos, forma de instala\u00e7\u00e3o e demais componentes precisam ser avaliados em conjunto.<\/p>\n\n\n\n<h2 class=\"wp-block-heading\">Como escolher o cabo protegido para uma rede de m\u00e9dia tens\u00e3o?<\/h2>\n\n\n\n<p class=\"wp-block-paragraph\">A escolha deve come\u00e7ar pelas exig\u00eancias el\u00e9tricas e pelas condi\u00e7\u00f5es f\u00edsicas da rede. A se\u00e7\u00e3o do condutor precisa ser compat\u00edvel com as caracter\u00edsticas previstas para a instala\u00e7\u00e3o.<\/p>\n\n\n\n<p class=\"wp-block-paragraph\">Tamb\u00e9m \u00e9 necess\u00e1rio avaliar o ambiente onde o cabo ser\u00e1 instalado. Radia\u00e7\u00e3o solar, umidade, abras\u00e3o e possibilidade de contato com elementos externos s\u00e3o fatores relevantes.<\/p>\n\n\n\n<h3 class=\"wp-block-heading\">Quais condi\u00e7\u00f5es el\u00e9tricas devem ser avaliadas?<\/h3>\n\n\n\n<p class=\"wp-block-paragraph\">A tens\u00e3o da rede e a se\u00e7\u00e3o do condutor est\u00e3o entre os primeiros par\u00e2metros a verificar.<\/p>\n\n\n\n<p class=\"wp-block-paragraph\">A capacidade de condu\u00e7\u00e3o de corrente, as condi\u00e7\u00f5es de opera\u00e7\u00e3o e os requisitos do projeto tamb\u00e9m precisam ser considerados antes da especifica\u00e7\u00e3o final.<\/p>\n\n\n\n<h3 class=\"wp-block-heading\">Quais condi\u00e7\u00f5es de instala\u00e7\u00e3o precisam ser consideradas?<\/h3>\n\n\n\n<p class=\"wp-block-paragraph\">A configura\u00e7\u00e3o da rede influencia diretamente a escolha do cabo e dos demais componentes.<\/p>\n\n\n\n<p class=\"wp-block-paragraph\">Em uma rede compacta, \u00e9 necess\u00e1rio avaliar o sistema completo, incluindo espa\u00e7adores, ferragens, esfor\u00e7os mec\u00e2nicos e condi\u00e7\u00f5es ambientais.<\/p>\n\n\n\n<p class=\"wp-block-paragraph\">Esse cuidado evita que o cabo seja especificado isoladamente, sem considerar o comportamento do conjunto instalado.<\/p>\n\n\n\n<h2 class=\"wp-block-heading\">Por que conhecer o cabo protegido 15kV antes de especificar uma rede compacta?<\/h2>\n\n\n\n<p class=\"wp-block-paragraph\">Conhecer a constru\u00e7\u00e3o e as caracter\u00edsticas do <strong>cabo protegido 15kV<\/strong> ajuda a tomar decis\u00f5es mais consistentes durante o desenvolvimento do projeto.<\/p>\n\n\n\n<p class=\"wp-block-paragraph\">A escolha n\u00e3o depende apenas da tens\u00e3o nominal. O condutor, a se\u00e7\u00e3o, a cobertura, a resist\u00eancia ao trilhamento e as condi\u00e7\u00f5es de instala\u00e7\u00e3o tamb\u00e9m fazem parte da an\u00e1lise.<\/p>\n\n\n\n<p class=\"wp-block-paragraph\">A <strong>Cabomaq<\/strong> atua h\u00e1 mais de 35 anos na fabrica\u00e7\u00e3o de fios e cabos el\u00e9tricos. A empresa possui sede pr\u00f3pria em S\u00e3o Paulo, com mais de 20.000 m\u00b2, e atende diferentes segmentos em todo o Brasil.<\/p>\n\n\n\n<p class=\"wp-block-paragraph\">Se voc\u00ea trabalha no desenvolvimento de redes a\u00e9reas de m\u00e9dia tens\u00e3o, vale aprofundar o conhecimento sobre cabos protegidos, redes compactas e crit\u00e9rios de especifica\u00e7\u00e3o.&nbsp;<\/p>\n\n\n\n<p class=\"wp-block-paragraph\"><a href=\"https:\/\/www.forestieri.com.br\/blog\">Consulte os conte\u00fados t\u00e9cnicos<\/a> da <strong>Cabomaq<\/strong> para continuar sua pesquisa e conhecer melhor as solu\u00e7\u00f5es dispon\u00edveis para esse tipo de aplica\u00e7\u00e3o.<\/p>\n","protected":false},"excerpt":{"rendered":"<p>O cabo protegido 15kV \u00e9 utilizado em redes a\u00e9reas de distribui\u00e7\u00e3o de m\u00e9dia tens\u00e3o, especialmente quando h\u00e1 necessidade de uma configura\u00e7\u00e3o mais compacta.&nbsp; Sua cobertura polim\u00e9rica cria uma prote\u00e7\u00e3o adicional contra contatos acidentais e condi\u00e7\u00f5es ambientais. Esse recurso ajuda a reduzir riscos de falhas provocadas por elementos externos, al\u00e9m de oferecer resist\u00eancia \u00e0 radia\u00e7\u00e3o ultravioleta,&#8230;<\/p>\n","protected":false},"author":2,"featured_media":1871,"comment_status":"open","ping_status":"open","sticky":false,"template":"","format":"standard","meta":{"_kad_post_transparent":"","_kad_post_title":"","_kad_post_layout":"","_kad_post_sidebar_id":"","_kad_post_content_style":"","_kad_post_vertical_padding":"","_kad_post_feature":"","_kad_post_feature_position":"","_kad_post_header":false,"_kad_post_footer":false,"footnotes":""},"categories":[82],"tags":[],"class_list":["post-1868","post","type-post","status-publish","format-standard","has-post-thumbnail","hentry","category-publicacoes"],"_links":{"self":[{"href":"https:\/\/www.forestieri.com.br\/blog\/wp-json\/wp\/v2\/posts\/1868","targetHints":{"allow":["GET"]}}],"collection":[{"href":"https:\/\/www.forestieri.com.br\/blog\/wp-json\/wp\/v2\/posts"}],"about":[{"href":"https:\/\/www.forestieri.com.br\/blog\/wp-json\/wp\/v2\/types\/post"}],"author":[{"embeddable":true,"href":"https:\/\/www.forestieri.com.br\/blog\/wp-json\/wp\/v2\/users\/2"}],"replies":[{"embeddable":true,"href":"https:\/\/www.forestieri.com.br\/blog\/wp-json\/wp\/v2\/comments?post=1868"}],"version-history":[{"count":1,"href":"https:\/\/www.forestieri.com.br\/blog\/wp-json\/wp\/v2\/posts\/1868\/revisions"}],"predecessor-version":[{"id":1872,"href":"https:\/\/www.forestieri.com.br\/blog\/wp-json\/wp\/v2\/posts\/1868\/revisions\/1872"}],"wp:featuredmedia":[{"embeddable":true,"href":"https:\/\/www.forestieri.com.br\/blog\/wp-json\/wp\/v2\/media\/1871"}],"wp:attachment":[{"href":"https:\/\/www.forestieri.com.br\/blog\/wp-json\/wp\/v2\/media?parent=1868"}],"wp:term":[{"taxonomy":"category","embeddable":true,"href":"https:\/\/www.forestieri.com.br\/blog\/wp-json\/wp\/v2\/categories?post=1868"},{"taxonomy":"post_tag","embeddable":true,"href":"https:\/\/www.forestieri.com.br\/blog\/wp-json\/wp\/v2\/tags?post=1868"}],"curies":[{"name":"wp","href":"https:\/\/api.w.org\/{rel}","templated":true}]}}